{"id":125975,"date":"2025-10-17T18:46:26","date_gmt":"2025-10-17T18:46:26","guid":{"rendered":"https:\/\/rdnews.al\/?p=125975"},"modified":"2025-10-17T18:46:26","modified_gmt":"2025-10-17T18:46:26","slug":"pd-pershendet-protesten-paqesore-te-ish-drejtuesve-te-uck-denohet-cdo-perpjekje-per-manipulimin-e-saj-nga-armiqte-e-kosoves","status":"publish","type":"post","link":"https:\/\/rdnews.al\/index.php\/2025\/10\/17\/pd-pershendet-protesten-paqesore-te-ish-drejtuesve-te-uck-denohet-cdo-perpjekje-per-manipulimin-e-saj-nga-armiqte-e-kosoves\/","title":{"rendered":"PD p\u00ebrsh\u00ebndet protest\u00ebn paq\u00ebsore t\u00eb ish-drejtuesve t\u00eb U\u00c7K\/ D\u00ebnohet \u00e7do p\u00ebrpjekje p\u00ebr manipulimin e saj nga armiqt\u00eb e Kosov\u00ebs"},"content":{"rendered":"<p><strong>Deklarat\u00eb e Partis\u00eb Demokratike<\/strong><\/p>\n<p>Partia Demokratike p\u00ebrs\u00ebri deklaron se:<\/p>\n<ol>\n<li>Lufta \u00e7lirimtare e U\u00c7K-s\u00eb n\u00eb Kosov\u00eb \u00ebsht\u00eb faqja m\u00eb e ndritur e luft\u00ebrave t\u00eb shqiptar\u00ebve p\u00ebr liri dhe dinjitet komb\u00ebtar q\u00eb nga luft\u00ebrat e Sk\u00ebnderbeut.<\/li>\n<li>Pa sakrific\u00ebn, gjakun, trim\u00ebrin\u00eb dhe heroizmin e luft\u00ebtar\u00ebve t\u00eb liris\u00eb t\u00eb U\u00c7K-s\u00eb, Kosova nuk do t\u00eb ishte kurr\u00eb nj\u00eb vend i lir\u00eb dhe i pavarur.<\/li>\n<li>Lufta e U\u00c7K-s\u00eb p\u00ebr \u00e7lirimin e Kosov\u00ebs \u00ebsht\u00eb lufta e fundit \u00e7lirimtare n\u00eb Europ\u00eb q\u00eb i dha fund pushtimit t\u00eb gjat\u00eb serb t\u00eb Kosov\u00ebs, dhe Ushtria \u00c7lirimtare e Kosov\u00ebs ishte aleate besnike e Aleanc\u00ebs s\u00eb Atlantikut t\u00eb Veriut n\u00eb territorin e Kosov\u00ebs gjat\u00eb fushat\u00ebs s\u00eb bombardimeve ajrore kund\u00ebr regjimit t\u00eb Milloshevi\u00e7it nga Aleanca, n\u00eb pranver\u00ebn e vitit 1999.<\/li>\n<\/ol>\n<p>Partia Demokratike e Shqip\u00ebris\u00eb \u00ebsht\u00eb forca politike q\u00eb mb\u00ebshtet zbatimin e ligjit komb\u00ebtar dhe nd\u00ebrkomb\u00ebtar. Kjo parti ka mb\u00ebshtetur krijimin e Gjykat\u00ebs Speciale t\u00eb Kosov\u00ebs me seli n\u00eb Hag\u00eb dhe ka ndjekur e ndjek me v\u00ebmendjen m\u00eb t\u00eb madhe punimet e k\u00ebsaj gjykate n\u00eb procesin gjyq\u00ebsor kund\u00ebr ish-udh\u00ebheq\u00ebsve politik\u00eb t\u00eb U\u00c7K-s\u00eb dhe t\u00eb Republik\u00ebs s\u00eb Kosov\u00ebs: Hashim Tha\u00e7i, Jakup Krasniqi, Fatmir Limaj, Rexhep Selimi, etj.<\/p>\n<p>Partia Demokratike konstaton se n\u00eb k\u00ebt\u00eb proces t\u00eb zgjatur, disa her\u00eb para publikut nuk \u00ebsht\u00eb paraqitur asnj\u00eb fakt apo prov\u00eb p\u00ebr asnj\u00ebr\u00ebn prej akuzave t\u00eb paraqitura ndaj tyre. E kund\u00ebrta, jan\u00eb rr\u00ebzuar akuzat monstruoze si ajo e \u201cshkuljes s\u00eb organeve\u201d dhe tregtimit t\u00eb tyre nga luft\u00ebtar\u00ebt e U\u00c7K-s\u00eb n\u00eb zona t\u00eb ndryshme t\u00eb Shqip\u00ebris\u00eb.<\/p>\n<p>Nuk \u00ebsht\u00eb publikuar asnj\u00eb fakt apo prov\u00eb q\u00eb t\u00eb provoj\u00eb urdhra direkt t\u00eb ish-udh\u00ebheq\u00ebsve t\u00eb U\u00c7K-s\u00eb p\u00ebr krime konkrete. Ky proces d\u00ebshmoi p\u00ebrfundimisht se ai \u00ebsht\u00eb i bazuar n\u00eb dosje t\u00eb fabrikuara nga Beogradi dhe armiq t\u00eb tjer\u00eb t\u00eb kombit shqiptar q\u00eb k\u00ebrkojn\u00eb t\u00eb barazojn\u00eb agresorin, pushtuesin me \u00e7lirimtarin.<\/p>\n<p>P\u00ebr t\u00eb gjitha k\u00ebto, Partia Demokratike i b\u00ebn thirrje trupit gjykues t\u00eb Gjykat\u00ebs Speciale t\u00eb Kosov\u00ebs n\u00eb Hag\u00eb t\u00eb shpall\u00eb sa m\u00eb par\u00eb pafaj\u00ebsin\u00eb e ish-udh\u00ebheq\u00ebsve politik\u00eb t\u00eb U\u00c7K-s\u00eb dhe t\u00eb Kosov\u00ebs, n\u00eb respekt t\u00eb plot\u00eb t\u00eb parimeve nd\u00ebrkomb\u00ebtare t\u00eb drejt\u00ebsis\u00eb.<\/p>\n<p>S\u00eb fundmi, Partia Demokratike p\u00ebrsh\u00ebndet protest\u00ebn paq\u00ebsore t\u00eb bashk\u00ebluft\u00ebtar\u00ebve t\u00eb ish-udh\u00ebheq\u00ebsve t\u00eb U\u00c7K-s\u00eb dhe t\u00eb Kosov\u00ebs, sikund\u00ebr d\u00ebnon \u00e7do p\u00ebrpjekje p\u00ebr manipulim t\u00eb saj nga albanofob\u00eb shqipfol\u00ebs, armiq t\u00eb damkosur t\u00eb Kosov\u00ebs.<\/p>\n<p>&nbsp;<\/p>\n","protected":false},"excerpt":{"rendered":"<p>Deklarat\u00eb e Partis\u00eb Demokratike Partia Demokratike p\u00ebrs\u00ebri deklaron se: Lufta \u00e7lirimtare e U\u00c7K-s\u00eb n\u00eb Kosov\u00eb \u00ebsht\u00eb faqja m\u00eb e ndritur e luft\u00ebrave t\u00eb shqiptar\u00ebve p\u00ebr liri dhe dinjitet komb\u00ebtar q\u00eb nga luft\u00ebrat e Sk\u00ebnderbeut. Pa sakrific\u00ebn, gjakun, trim\u00ebrin\u00eb dhe heroizmin e luft\u00ebtar\u00ebve t\u00eb liris\u00eb t\u00eb U\u00c7K-s\u00eb, Kosova nuk do t\u00eb ishte kurr\u00eb nj\u00eb vend i &hellip;<\/p>\n","protected":false},"author":4,"featured_media":89408,"comment_status":"closed","ping_status":"closed","sticky":false,"template":"","format":"standard","meta":{"footnotes":""},"categories":[37],"tags":[],"class_list":["post-125975","post","type-post","status-publish","format-standard","has-post-thumbnail","","category-politike"],"_links":{"self":[{"href":"https:\/\/rdnews.al\/index.php\/wp-json\/wp\/v2\/posts\/125975","targetHints":{"allow":["GET"]}}],"collection":[{"href":"https:\/\/rdnews.al\/index.php\/wp-json\/wp\/v2\/posts"}],"about":[{"href":"https:\/\/rdnews.al\/index.php\/wp-json\/wp\/v2\/types\/post"}],"author":[{"embeddable":true,"href":"https:\/\/rdnews.al\/index.php\/wp-json\/wp\/v2\/users\/4"}],"replies":[{"embeddable":true,"href":"https:\/\/rdnews.al\/index.php\/wp-json\/wp\/v2\/comments?post=125975"}],"version-history":[{"count":1,"href":"https:\/\/rdnews.al\/index.php\/wp-json\/wp\/v2\/posts\/125975\/revisions"}],"predecessor-version":[{"id":125976,"href":"https:\/\/rdnews.al\/index.php\/wp-json\/wp\/v2\/posts\/125975\/revisions\/125976"}],"wp:featuredmedia":[{"embeddable":true,"href":"https:\/\/rdnews.al\/index.php\/wp-json\/wp\/v2\/media\/89408"}],"wp:attachment":[{"href":"https:\/\/rdnews.al\/index.php\/wp-json\/wp\/v2\/media?parent=125975"}],"wp:term":[{"taxonomy":"category","embeddable":true,"href":"https:\/\/rdnews.al\/index.php\/wp-json\/wp\/v2\/categories?post=125975"},{"taxonomy":"post_tag","embeddable":true,"href":"https:\/\/rdnews.al\/index.php\/wp-json\/wp\/v2\/tags?post=125975"}],"curies":[{"name":"wp","href":"https:\/\/api.w.org\/{rel}","templated":true}]}}