{"id":125977,"date":"2025-10-17T18:54:43","date_gmt":"2025-10-17T18:54:43","guid":{"rendered":"https:\/\/rdnews.al\/?p=125977"},"modified":"2025-10-17T18:55:17","modified_gmt":"2025-10-17T18:55:17","slug":"mesazhi-qe-mori-pse-rama-u-zbyth-nga-protesta-qe-thirri-vete","status":"publish","type":"post","link":"https:\/\/rdnews.al\/index.php\/2025\/10\/17\/mesazhi-qe-mori-pse-rama-u-zbyth-nga-protesta-qe-thirri-vete\/","title":{"rendered":"Mesazhi q\u00eb mori\u2026\/ Pse Rama u zbyth nga protesta q\u00eb thirri vet\u00eb?"},"content":{"rendered":"<p style=\"background: white; margin: 0in 0in .25in 0in;\"><span style=\"font-size: 11.0pt; color: black;\">Mij\u00ebra qytetar\u00eb, mes tyre veteran\u00eb t\u00eb U\u00c7K-s\u00eb dhe mb\u00ebshtet\u00ebs t\u00eb tyre nga e gjith\u00eb Shqip\u00ebria e Kosova, u mblodh\u00ebn paq\u00ebsisht k\u00ebt\u00eb t\u00eb premte n\u00eb Sheshin Sk\u00ebnderbej p\u00ebr t\u00eb protestuar kund\u00ebr Gjykat\u00ebs Speciale n\u00eb Hag\u00eb.<\/span><\/p>\n<p style=\"background: white; box-sizing: border-box; font-variant-ligatures: normal; font-variant-caps: normal; orphans: 2; text-align: start; widows: 2; -webkit-text-stroke-width: 0px; text-decoration-thickness: initial; text-decoration-style: initial; text-decoration-color: initial; word-spacing: 0px; margin: 0in 0in .25in 0in;\"><span style=\"font-size: 11.0pt; color: black;\">Protesta e zhvilluar e 17 tetorit n\u00eb zem\u00ebr t\u00eb kryeqytetit shqiptar mori v\u00ebmendje t\u00eb gjer\u00eb nga mediat nd\u00ebrkomb\u00ebtare, t\u00eb cilat raportuan p\u00ebr thirrjet e protestuesve p\u00ebr drejt\u00ebsi dhe kund\u00ebrshtimin ndaj, sipas tyre, \u201cgjykimeve t\u00eb padrejta\u201d ndaj ish-drejtuesve t\u00eb Ushtris\u00eb \u00c7lirimtare t\u00eb Kosov\u00ebs.<\/span><\/p>\n<p style=\"background: white; margin: 0in 0in .25in 0in;\"><span style=\"font-size: 11.0pt; color: black;\">Ndon\u00ebse kishte paralajm\u00ebruar pjesmarjen n\u00eb protest si dhe nj\u00eb fjalim, Rama n\u00eb t\u00eb v\u00ebrtet\u00eb rezultoi t\u00eb ishte \u201cnon grata\u201d n\u00eb k\u00ebt\u00eb protest. Mesazhi q\u00eb mori dy dit\u00eb m\u00eb ar\u00eb e b\u00ebri at\u00eb t\u00eb mohoj\u00eb rolin e tij si organizator si dhe u detyrua t\u00eb t\u00ebrhiqet nga marrja pjes\u00eb n\u00eb k\u00ebt\u00eb protest ku synonte t\u00eb shfaqej si lider I madh komb\u00ebtar. <\/span><\/p>\n","protected":false},"excerpt":{"rendered":"<p>Mij\u00ebra qytetar\u00eb, mes tyre veteran\u00eb t\u00eb U\u00c7K-s\u00eb dhe mb\u00ebshtet\u00ebs t\u00eb tyre nga e gjith\u00eb Shqip\u00ebria e Kosova, u mblodh\u00ebn paq\u00ebsisht k\u00ebt\u00eb t\u00eb premte n\u00eb Sheshin Sk\u00ebnderbej p\u00ebr t\u00eb protestuar kund\u00ebr Gjykat\u00ebs Speciale n\u00eb Hag\u00eb. Protesta e zhvilluar e 17 tetorit n\u00eb zem\u00ebr t\u00eb kryeqytetit shqiptar mori v\u00ebmendje t\u00eb gjer\u00eb nga mediat nd\u00ebrkomb\u00ebtare, t\u00eb cilat raportuan &hellip;<\/p>\n","protected":false},"author":3,"featured_media":125978,"comment_status":"closed","ping_status":"closed","sticky":false,"template":"","format":"standard","meta":{"footnotes":""},"categories":[37],"tags":[],"class_list":["post-125977","post","type-post","status-publish","format-standard","has-post-thumbnail","","category-politike"],"_links":{"self":[{"href":"https:\/\/rdnews.al\/index.php\/wp-json\/wp\/v2\/posts\/125977","targetHints":{"allow":["GET"]}}],"collection":[{"href":"https:\/\/rdnews.al\/index.php\/wp-json\/wp\/v2\/posts"}],"about":[{"href":"https:\/\/rdnews.al\/index.php\/wp-json\/wp\/v2\/types\/post"}],"author":[{"embeddable":true,"href":"https:\/\/rdnews.al\/index.php\/wp-json\/wp\/v2\/users\/3"}],"replies":[{"embeddable":true,"href":"https:\/\/rdnews.al\/index.php\/wp-json\/wp\/v2\/comments?post=125977"}],"version-history":[{"count":2,"href":"https:\/\/rdnews.al\/index.php\/wp-json\/wp\/v2\/posts\/125977\/revisions"}],"predecessor-version":[{"id":125980,"href":"https:\/\/rdnews.al\/index.php\/wp-json\/wp\/v2\/posts\/125977\/revisions\/125980"}],"wp:featuredmedia":[{"embeddable":true,"href":"https:\/\/rdnews.al\/index.php\/wp-json\/wp\/v2\/media\/125978"}],"wp:attachment":[{"href":"https:\/\/rdnews.al\/index.php\/wp-json\/wp\/v2\/media?parent=125977"}],"wp:term":[{"taxonomy":"category","embeddable":true,"href":"https:\/\/rdnews.al\/index.php\/wp-json\/wp\/v2\/categories?post=125977"},{"taxonomy":"post_tag","embeddable":true,"href":"https:\/\/rdnews.al\/index.php\/wp-json\/wp\/v2\/tags?post=125977"}],"curies":[{"name":"wp","href":"https:\/\/api.w.org\/{rel}","templated":true}]}}