{"id":125981,"date":"2025-10-17T19:02:17","date_gmt":"2025-10-17T19:02:17","guid":{"rendered":"https:\/\/rdnews.al\/?p=125981"},"modified":"2025-10-17T19:02:17","modified_gmt":"2025-10-17T19:02:17","slug":"pd-asnje-urdher-per-bojkotin-e-mitingut-ne-mbeshtetje-te-uck-se-kauza-e-saj-eshte-krenari-kombetare","status":"publish","type":"post","link":"https:\/\/rdnews.al\/index.php\/2025\/10\/17\/pd-asnje-urdher-per-bojkotin-e-mitingut-ne-mbeshtetje-te-uck-se-kauza-e-saj-eshte-krenari-kombetare\/","title":{"rendered":"PD: Asnj\u00eb urdh\u00ebr p\u00ebr bojkotin e mitingut n\u00eb mb\u00ebshtetje t\u00eb U\u00c7K-s\u00eb! Kauza e saj \u00ebsht\u00eb krenari komb\u00ebtare"},"content":{"rendered":"<p>Partia Demokratike nuk ka dh\u00ebn\u00eb asnj\u00eb urdh\u00ebr, verbal apo me shkrim, q\u00eb p\u00ebrfaq\u00ebsues apo mb\u00ebshtet\u00ebs t\u00eb saj, t\u00eb mos jen\u00eb n\u00eb mitingun mb\u00ebshtet\u00ebs p\u00ebr ish-krer\u00ebt e U\u00c7K-s\u00eb, n\u00eb proces gjyq\u00ebsor n\u00eb Hag\u00eb.<\/p>\n<p>Spekulimi banal i ndonj\u00eb medieje se ky urdh\u00ebr ekziston \u00ebsht\u00eb pjesa e skenarit t\u00eb p\u00ebrhersh\u00ebm anti-opozitar te Ramaduros dhe Partia Demokratike e hedh posht\u00eb si t\u00eb till\u00eb.<\/p>\n<p>Si\u00e7 theksohet n\u00eb deklarat\u00ebn e Partis\u00eb Demokratike t\u00eb sapo hedhur dhe n\u00eb q\u00ebndrimet e dit\u00ebve t\u00eb fundit dhe t\u00eb p\u00ebrhershme t\u00eb kryetarit t\u00eb saj, Berisha, kauza e U\u00c7K, lufta e saj dhe e popullit shqiptar t\u00eb Kosov\u00ebs, jan\u00eb jo vet\u00ebm t\u00eb drejta, por edhe pjes\u00eb e nderit t\u00eb p\u00ebrjetsh\u00ebm t\u00eb kombit dhe \u00e7\u00ebshtjes komb\u00ebtare shqiptare.<\/p>\n<p>Zyra e Shtypit dhe Komunikimit<\/p>\n<p>Drejtori,<\/p>\n<p>Alfred Lela<\/p>\n","protected":false},"excerpt":{"rendered":"<p>Partia Demokratike nuk ka dh\u00ebn\u00eb asnj\u00eb urdh\u00ebr, verbal apo me shkrim, q\u00eb p\u00ebrfaq\u00ebsues apo mb\u00ebshtet\u00ebs t\u00eb saj, t\u00eb mos jen\u00eb n\u00eb mitingun mb\u00ebshtet\u00ebs p\u00ebr ish-krer\u00ebt e U\u00c7K-s\u00eb, n\u00eb proces gjyq\u00ebsor n\u00eb Hag\u00eb. Spekulimi banal i ndonj\u00eb medieje se ky urdh\u00ebr ekziston \u00ebsht\u00eb pjesa e skenarit t\u00eb p\u00ebrhersh\u00ebm anti-opozitar te Ramaduros dhe Partia Demokratike e hedh &hellip;<\/p>\n","protected":false},"author":4,"featured_media":89408,"comment_status":"closed","ping_status":"closed","sticky":false,"template":"","format":"standard","meta":{"footnotes":""},"categories":[37],"tags":[],"class_list":["post-125981","post","type-post","status-publish","format-standard","has-post-thumbnail","","category-politike"],"_links":{"self":[{"href":"https:\/\/rdnews.al\/index.php\/wp-json\/wp\/v2\/posts\/125981","targetHints":{"allow":["GET"]}}],"collection":[{"href":"https:\/\/rdnews.al\/index.php\/wp-json\/wp\/v2\/posts"}],"about":[{"href":"https:\/\/rdnews.al\/index.php\/wp-json\/wp\/v2\/types\/post"}],"author":[{"embeddable":true,"href":"https:\/\/rdnews.al\/index.php\/wp-json\/wp\/v2\/users\/4"}],"replies":[{"embeddable":true,"href":"https:\/\/rdnews.al\/index.php\/wp-json\/wp\/v2\/comments?post=125981"}],"version-history":[{"count":1,"href":"https:\/\/rdnews.al\/index.php\/wp-json\/wp\/v2\/posts\/125981\/revisions"}],"predecessor-version":[{"id":125982,"href":"https:\/\/rdnews.al\/index.php\/wp-json\/wp\/v2\/posts\/125981\/revisions\/125982"}],"wp:featuredmedia":[{"embeddable":true,"href":"https:\/\/rdnews.al\/index.php\/wp-json\/wp\/v2\/media\/89408"}],"wp:attachment":[{"href":"https:\/\/rdnews.al\/index.php\/wp-json\/wp\/v2\/media?parent=125981"}],"wp:term":[{"taxonomy":"category","embeddable":true,"href":"https:\/\/rdnews.al\/index.php\/wp-json\/wp\/v2\/categories?post=125981"},{"taxonomy":"post_tag","embeddable":true,"href":"https:\/\/rdnews.al\/index.php\/wp-json\/wp\/v2\/tags?post=125981"}],"curies":[{"name":"wp","href":"https:\/\/api.w.org\/{rel}","templated":true}]}}