{"id":125989,"date":"2025-10-18T09:28:10","date_gmt":"2025-10-18T09:28:10","guid":{"rendered":"https:\/\/rdnews.al\/?p=125989"},"modified":"2025-10-18T09:28:10","modified_gmt":"2025-10-18T09:28:10","slug":"vangjeli-kandidati-i-ps-per-bashkine-e-cerrikut-perfitues-i-fondeve-te-kesaj-bashkie-qytetaret-ti-japin-pergjigjen-e-merituar-ne-9-nentor","status":"publish","type":"post","link":"https:\/\/rdnews.al\/index.php\/2025\/10\/18\/vangjeli-kandidati-i-ps-per-bashkine-e-cerrikut-perfitues-i-fondeve-te-kesaj-bashkie-qytetaret-ti-japin-pergjigjen-e-merituar-ne-9-nentor\/","title":{"rendered":"Vangjeli: Kandidati i PS p\u00ebr bashkin\u00eb e C\u00ebrrikut p\u00ebrfitues i fondeve t\u00eb k\u00ebsaj bashkie! Qytetar\u00ebt t\u2019i japin p\u00ebrgjigjen e merituar n\u00eb 9 n\u00ebntor"},"content":{"rendered":"<p><strong>Deklarata e z\u00ebdh\u00ebn\u00ebses s\u00eb Antikorrupsionit n\u00eb PD, Genta Vangjeli:<\/strong><\/p>\n<p>N\u00eb takimin e organizuar disa dit\u00eb m\u00eb par\u00eb nga Partia Socialiste n\u00eb kineman\u00eb e C\u00ebrrikut, n\u00eb kuad\u00ebr t\u00eb strategjis\u00eb s\u00eb fushat\u00ebs drejt zgjedhjeve t\u00eb 9 N\u00ebntorit, sipas mediave Ministri Andis Salla deklaroi:<\/p>\n<p>\u2018Florenc Doka \u00ebsht\u00eb njeriu i duhur p\u00ebr C\u00ebrrikun! Ai\u00a0 njeh \u00e7do sfid\u00eb t\u00eb qytetit dhe \u00e7do problem t\u00eb banor\u00ebve. Me Florencin, C\u00ebrriku do t\u00eb ec\u00eb p\u00ebrpara me projekte reale dhe zhvillim t\u00eb q\u00ebndruesh\u00ebm.\u2019<\/p>\n<p>Por p\u00ebrtej fjal\u00ebve dhe promovimeve politike, \u00ebsht\u00eb e r\u00ebnd\u00ebsishme q\u00eb qytetar\u00ebt e C\u00ebrrikut t\u00eb njihen me faktet konkrete.<\/p>\n<figure class=\"wp-block-image size-large\"><img loading=\"lazy\" decoding=\"async\" class=\"wp-image-23779\" src=\"https:\/\/pd.al\/wp-content\/uploads\/2025\/10\/1-8-1024x640.png\" sizes=\"auto, (max-width: 1024px) 100vw, 1024px\" srcset=\"https:\/\/pd.al\/wp-content\/uploads\/2025\/10\/1-8-1024x640.png 1024w, https:\/\/pd.al\/wp-content\/uploads\/2025\/10\/1-8-300x187.png 300w, https:\/\/pd.al\/wp-content\/uploads\/2025\/10\/1-8-768x480.png 768w, https:\/\/pd.al\/wp-content\/uploads\/2025\/10\/1-8-1536x959.png 1536w, https:\/\/pd.al\/wp-content\/uploads\/2025\/10\/1-8.png 1590w\" alt=\"\" width=\"1024\" height=\"640\" \/><\/figure>\n<p>Pas marrjes s\u00eb detyr\u00ebs s\u00eb Kryetarit t\u00eb Bashkis\u00eb nga Andis Salla, kompania familjare n\u00eb pron\u00ebsi t\u00eb z. Doka, i cili mbante nj\u00ebkoh\u00ebsisht dhe detyr\u00ebn e Sekretarit t\u00eb P\u00ebrgjithsh\u00ebm t\u00eb k\u00ebsaj bashkie, ka p\u00ebrfituar fonde publike nga Bashkia C\u00ebrrik.<\/p>\n<figure class=\"wp-block-image size-large\"><img loading=\"lazy\" decoding=\"async\" class=\"wp-image-23780\" src=\"https:\/\/pd.al\/wp-content\/uploads\/2025\/10\/2-7-1024x649.png\" sizes=\"auto, (max-width: 1024px) 100vw, 1024px\" srcset=\"https:\/\/pd.al\/wp-content\/uploads\/2025\/10\/2-7-1024x649.png 1024w, https:\/\/pd.al\/wp-content\/uploads\/2025\/10\/2-7-300x190.png 300w, https:\/\/pd.al\/wp-content\/uploads\/2025\/10\/2-7-768x487.png 768w, https:\/\/pd.al\/wp-content\/uploads\/2025\/10\/2-7.png 1185w\" alt=\"\" width=\"1024\" height=\"649\" \/><\/figure>\n<p>Konkretisht, kompania \u2018Melius\u2019 shpk, e regjistruar n\u00eb vitin 2022, sipas spending data, \u00ebsht\u00eb kontraktuar nga Bashkia C\u00ebrrik p\u00ebr blerje pajisjesh dhe orendish, organizim eventesh sociale, si dhe p\u00ebr sh\u00ebrbime dhe mallra t\u00eb tjera.<\/p>\n<figure class=\"wp-block-image size-full\"><img loading=\"lazy\" decoding=\"async\" class=\"wp-image-23781\" src=\"https:\/\/pd.al\/wp-content\/uploads\/2025\/10\/3-7.png\" sizes=\"auto, (max-width: 786px) 100vw, 786px\" srcset=\"https:\/\/pd.al\/wp-content\/uploads\/2025\/10\/3-7.png 786w, https:\/\/pd.al\/wp-content\/uploads\/2025\/10\/3-7-300x297.png 300w, https:\/\/pd.al\/wp-content\/uploads\/2025\/10\/3-7-768x760.png 768w\" alt=\"\" width=\"786\" height=\"778\" \/><\/figure>\n<figure class=\"wp-block-image size-full\"><img loading=\"lazy\" decoding=\"async\" class=\"wp-image-23783\" src=\"https:\/\/pd.al\/wp-content\/uploads\/2025\/10\/4-5.png\" sizes=\"auto, (max-width: 601px) 100vw, 601px\" srcset=\"https:\/\/pd.al\/wp-content\/uploads\/2025\/10\/4-5.png 601w, https:\/\/pd.al\/wp-content\/uploads\/2025\/10\/4-5-260x300.png 260w\" alt=\"\" width=\"601\" height=\"693\" \/><\/figure>\n<p>Gjithashtu, n\u00eb dhjetor 2023, Bashkia C\u00ebrrik publikoi njoftimin p\u00ebr fituesin e procedur\u00ebs s\u00eb ankandit p\u00ebr Loti 2 \u2013 Dh\u00ebnien n\u00eb p\u00ebrdorim t\u00eb fondit pyjor \u2018Mollas\u2019, ngastra 52b, me sip\u00ebrfaqe 5.0 ha.<\/p>\n<p>Fitues i k\u00ebsaj procedure u shpall kompania n\u00eb pron\u00ebsi t\u00eb Florenc Doka, p\u00ebr nj\u00eb vler\u00eb kontrate prej vet\u00ebm 600 euro n\u00eb vit.<\/p>\n<figure class=\"wp-block-image size-large\"><img loading=\"lazy\" decoding=\"async\" class=\"wp-image-23784\" src=\"https:\/\/pd.al\/wp-content\/uploads\/2025\/10\/5-4-1024x394.png\" sizes=\"auto, (max-width: 1024px) 100vw, 1024px\" srcset=\"https:\/\/pd.al\/wp-content\/uploads\/2025\/10\/5-4-1024x394.png 1024w, https:\/\/pd.al\/wp-content\/uploads\/2025\/10\/5-4-300x116.png 300w, https:\/\/pd.al\/wp-content\/uploads\/2025\/10\/5-4-768x296.png 768w, https:\/\/pd.al\/wp-content\/uploads\/2025\/10\/5-4.png 1537w\" alt=\"\" width=\"1024\" height=\"394\" \/><\/figure>\n<p>Pas gjith\u00eb k\u00ebtij \u2018suksesi\u2019 n\u00eb Bashkin\u00eb e C\u00ebrrikut, e drejtuar nga Andis Salla, mbetet p\u00ebr t\u2019u par\u00eb n\u00ebse Doka do t\u00eb promovohet m\u00eb tej, ndoshta nj\u00eb dit\u00eb edhe si minist\u00ebr nga Edi Rama.<\/p>\n<p>Ky \u00ebsht\u00eb, n\u00eb thelb, vizioni i shpallur p\u00ebr zhvillimin e Bashkis\u00eb C\u00ebrrik sipas Partis\u00eb Socialiste: p\u00ebrfitime private n\u00eb em\u00ebr t\u00eb zhvillimit publik.<\/p>\n<figure class=\"wp-block-image size-full\"><img loading=\"lazy\" decoding=\"async\" class=\"wp-image-23785\" src=\"https:\/\/pd.al\/wp-content\/uploads\/2025\/10\/6-4.png\" sizes=\"auto, (max-width: 616px) 100vw, 616px\" srcset=\"https:\/\/pd.al\/wp-content\/uploads\/2025\/10\/6-4.png 616w, https:\/\/pd.al\/wp-content\/uploads\/2025\/10\/6-4-239x300.png 239w\" alt=\"\" width=\"616\" height=\"772\" \/><\/figure>\n<p>Por qytetar\u00ebt e C\u00ebrrikut duhet t\u00eb pyesin veten:<\/p>\n<p>A jan\u00eb t\u00eb gatsh\u00ebm t\u00eb p\u00ebrfaq\u00ebsohen nga nj\u00eb person i cili ka p\u00ebrfituar fonde publike p\u00ebr biznesin e tij privat, apo po p\u00ebrdor asete publike p\u00ebr q\u00ebllime biznesi me fuqin\u00eb e postit q\u00eb mban,\u00a0 dhe jo vet\u00ebm q\u00eb nuk \u00ebsht\u00eb nd\u00ebshkuar, por po promovohet si \u2018njeriu i duhur\u2019 p\u00ebr t\u00eb drejtuar qytetin?<\/p>\n<p>Koha p\u00ebr p\u00ebrgjigje \u00ebsht\u00eb m\u00eb 9 N\u00ebntor.<\/p>\n","protected":false},"excerpt":{"rendered":"<p>Deklarata e z\u00ebdh\u00ebn\u00ebses s\u00eb Antikorrupsionit n\u00eb PD, Genta Vangjeli: N\u00eb takimin e organizuar disa dit\u00eb m\u00eb par\u00eb nga Partia Socialiste n\u00eb kineman\u00eb e C\u00ebrrikut, n\u00eb kuad\u00ebr t\u00eb strategjis\u00eb s\u00eb fushat\u00ebs drejt zgjedhjeve t\u00eb 9 N\u00ebntorit, sipas mediave Ministri Andis Salla deklaroi: \u2018Florenc Doka \u00ebsht\u00eb njeriu i duhur p\u00ebr C\u00ebrrikun! Ai\u00a0 njeh \u00e7do sfid\u00eb t\u00eb qytetit &hellip;<\/p>\n","protected":false},"author":4,"featured_media":125990,"comment_status":"closed","ping_status":"closed","sticky":false,"template":"","format":"standard","meta":{"footnotes":""},"categories":[37],"tags":[],"class_list":["post-125989","post","type-post","status-publish","format-standard","has-post-thumbnail","","category-politike"],"_links":{"self":[{"href":"https:\/\/rdnews.al\/index.php\/wp-json\/wp\/v2\/posts\/125989","targetHints":{"allow":["GET"]}}],"collection":[{"href":"https:\/\/rdnews.al\/index.php\/wp-json\/wp\/v2\/posts"}],"about":[{"href":"https:\/\/rdnews.al\/index.php\/wp-json\/wp\/v2\/types\/post"}],"author":[{"embeddable":true,"href":"https:\/\/rdnews.al\/index.php\/wp-json\/wp\/v2\/users\/4"}],"replies":[{"embeddable":true,"href":"https:\/\/rdnews.al\/index.php\/wp-json\/wp\/v2\/comments?post=125989"}],"version-history":[{"count":1,"href":"https:\/\/rdnews.al\/index.php\/wp-json\/wp\/v2\/posts\/125989\/revisions"}],"predecessor-version":[{"id":125991,"href":"https:\/\/rdnews.al\/index.php\/wp-json\/wp\/v2\/posts\/125989\/revisions\/125991"}],"wp:featuredmedia":[{"embeddable":true,"href":"https:\/\/rdnews.al\/index.php\/wp-json\/wp\/v2\/media\/125990"}],"wp:attachment":[{"href":"https:\/\/rdnews.al\/index.php\/wp-json\/wp\/v2\/media?parent=125989"}],"wp:term":[{"taxonomy":"category","embeddable":true,"href":"https:\/\/rdnews.al\/index.php\/wp-json\/wp\/v2\/categories?post=125989"},{"taxonomy":"post_tag","embeddable":true,"href":"https:\/\/rdnews.al\/index.php\/wp-json\/wp\/v2\/tags?post=125989"}],"curies":[{"name":"wp","href":"https:\/\/api.w.org\/{rel}","templated":true}]}}