{"id":126107,"date":"2025-10-20T11:13:45","date_gmt":"2025-10-20T11:13:45","guid":{"rendered":"https:\/\/rdnews.al\/?p=126107"},"modified":"2025-10-20T11:24:10","modified_gmt":"2025-10-20T11:24:10","slug":"berisha-inxhinieri-supervizues-i-pistes-se-aeroportit-te-vlores-eshte-arratisur-pista-eshte-jashte-cdo-standardi","status":"publish","type":"post","link":"https:\/\/rdnews.al\/index.php\/2025\/10\/20\/berisha-inxhinieri-supervizues-i-pistes-se-aeroportit-te-vlores-eshte-arratisur-pista-eshte-jashte-cdo-standardi\/","title":{"rendered":"Berisha: Inxhinieri supervizues i pist\u00ebs s\u00eb aeroportit t\u00eb Vlor\u00ebs \u00ebsht\u00eb arratisur! Pista \u00ebsht\u00eb jasht\u00eb \u00e7do standardi"},"content":{"rendered":"<p>Kryetari i PD, Sali Berisha b\u00ebri nj\u00eb denoncim t\u00eb fort\u00eb duke deklaruar se, inxhinieri supervizues i pist\u00ebs s\u00eb aeroportit t\u00eb Vlor\u00ebs \u00ebsht\u00eb arratisur. Berisha tha gjat\u00eb deklar\u00ebts p\u00ebr shtyp, se, pista \u00ebsht\u00eb jasht\u00eb \u00e7do standardi.<\/p>\n<p><strong>\u201c<\/strong>Tani q\u00eb aeroporti po i afrohet fundit, jan\u00eb prishur pazaret.<\/p>\n<p>Tani, si do i ndajm\u00eb?<\/p>\n<p>Dhe tani ka shp\u00ebrthyer aty nj\u00eb grindje e brendshme.<\/p>\n<p>Po mua nuk m\u00eb intereson grindja e brendshme, kategorikisht.<\/p>\n<p>Po m\u00eb intereson nj\u00eb gj\u00eb tjet\u00ebr shum\u00eb q\u00eb \u00ebsht\u00eb jasht\u00ebzakonisht e r\u00ebnd\u00eb.<\/p>\n<p>Inxhinieri supervizues i pist\u00ebs ia ka mbathur, \u00ebsht\u00eb arratisur n\u00eb Britanin\u00eb e Madhe.<\/p>\n<p>Dhe burime serioze m\u00eb thon\u00eb mua q\u00eb asfalti dhe pista jan\u00eb jasht\u00eb t\u00eb gjitha standardeve, komb\u00ebtare dhe nd\u00ebrkomb\u00ebtare.<\/p>\n<p>Ndaj dhe supervizori \u00ebsht\u00eb arratisur n\u00eb Lond\u00ebr.<\/p>\n<p>Njeriu q\u00eb ka p\u00ebrgjegj\u00ebsi p\u00ebr \u00e7do centimet\u00ebr katror\u00eb t\u00eb cil\u00ebsis\u00eb n\u00eb at\u00eb pist\u00eb.<\/p>\n<p>Kjo po, p\u00ebrve\u00e7 vjedhjeve t\u00eb m\u00ebdha, kjo ka edhe nj\u00eb problem madhor, sigurin\u00eb e jet\u00ebs s\u00eb njer\u00ebzve.<\/p>\n<p>Ju e dini q\u00eb un\u00eb kam qen\u00eb kund\u00ebr nd\u00ebrtimit t\u00eb atij aeroporti, t\u00eb cilin Lubia e servirte me t\u00eb madhe si m\u00eb i madhi n\u00eb Ballkan. Se zor i madh \u00ebsht\u00eb t\u00eb shtrosh nj\u00eb pist\u00eb.<\/p>\n<p>M\u00eb i madhi n\u00eb Ballkan n\u00eb nj\u00eb zon\u00eb ku aktualisht nuk jan\u00eb m\u00eb shum\u00eb se 18 mij\u00eb shtret\u00ebr, nga t\u00eb cil\u00ebt, dy vitet e fundit mbi 80 p\u00ebrqind e tyre zihen nga shqiptar\u00ebt, jo t\u00eb huajt.<\/p>\n<p>E v\u00ebrteta \u00ebsht\u00eb kjo, me gjith\u00eb magjin\u00eb magjeps\u00ebse dhe mahnin\u00eb q\u00eb paraqet bregu i Jonit, nuk arriti t\u00eb b\u00ebhet nj\u00eb atraksion. L\u00ebrini artikujt, shihni fluksin.<\/p>\n<p>Nuk arriti t\u00eb b\u00ebhej nj\u00eb atraksion p\u00ebr turist\u00ebt e huaj. Jo. Shifrat flasin vet\u00eb. Pamjet filmike t\u00eb k\u00ebtij viti dhe t\u00eb vitit t\u00eb kaluar flasin vet\u00eb.<\/p>\n<p>Ask\u00ebrkund, n\u00eb asnj\u00eb lloj parametri, nj\u00eb aeroport aty nuk q\u00ebndron.<\/p>\n<p>Po, q\u00ebndronte plot\u00ebsisht nj\u00eb aeroport i vog\u00ebl n\u00eb Sarand\u00eb. Ka qen\u00eb pista gati.<\/p>\n<p>Ose q\u00ebndronte plot\u00ebsisht nj\u00eb aeroport n\u00eb zon\u00ebn midis Fierit dhe Vlor\u00ebs, zon\u00eb n\u00eb t\u00eb cil\u00ebn p\u00ebrfshinte Beratin, Gjirokastr\u00ebn, p\u00ebrfshinte gjith\u00eb Jugun dhe jo vet\u00ebm Bregun\u201d, tha Berisha.<\/p>\n","protected":false},"excerpt":{"rendered":"<p>Kryetari i PD, Sali Berisha b\u00ebri nj\u00eb denoncim t\u00eb fort\u00eb duke deklaruar se, inxhinieri supervizues i pist\u00ebs s\u00eb aeroportit t\u00eb Vlor\u00ebs \u00ebsht\u00eb arratisur. Berisha tha gjat\u00eb deklar\u00ebts p\u00ebr shtyp, se, pista \u00ebsht\u00eb jasht\u00eb \u00e7do standardi. \u201cTani q\u00eb aeroporti po i afrohet fundit, jan\u00eb prishur pazaret. Tani, si do i ndajm\u00eb? Dhe tani ka shp\u00ebrthyer aty &hellip;<\/p>\n","protected":false},"author":4,"featured_media":126108,"comment_status":"closed","ping_status":"closed","sticky":false,"template":"","format":"standard","meta":{"footnotes":""},"categories":[37],"tags":[],"class_list":["post-126107","post","type-post","status-publish","format-standard","has-post-thumbnail","","category-politike"],"_links":{"self":[{"href":"https:\/\/rdnews.al\/index.php\/wp-json\/wp\/v2\/posts\/126107","targetHints":{"allow":["GET"]}}],"collection":[{"href":"https:\/\/rdnews.al\/index.php\/wp-json\/wp\/v2\/posts"}],"about":[{"href":"https:\/\/rdnews.al\/index.php\/wp-json\/wp\/v2\/types\/post"}],"author":[{"embeddable":true,"href":"https:\/\/rdnews.al\/index.php\/wp-json\/wp\/v2\/users\/4"}],"replies":[{"embeddable":true,"href":"https:\/\/rdnews.al\/index.php\/wp-json\/wp\/v2\/comments?post=126107"}],"version-history":[{"count":1,"href":"https:\/\/rdnews.al\/index.php\/wp-json\/wp\/v2\/posts\/126107\/revisions"}],"predecessor-version":[{"id":126109,"href":"https:\/\/rdnews.al\/index.php\/wp-json\/wp\/v2\/posts\/126107\/revisions\/126109"}],"wp:featuredmedia":[{"embeddable":true,"href":"https:\/\/rdnews.al\/index.php\/wp-json\/wp\/v2\/media\/126108"}],"wp:attachment":[{"href":"https:\/\/rdnews.al\/index.php\/wp-json\/wp\/v2\/media?parent=126107"}],"wp:term":[{"taxonomy":"category","embeddable":true,"href":"https:\/\/rdnews.al\/index.php\/wp-json\/wp\/v2\/categories?post=126107"},{"taxonomy":"post_tag","embeddable":true,"href":"https:\/\/rdnews.al\/index.php\/wp-json\/wp\/v2\/tags?post=126107"}],"curies":[{"name":"wp","href":"https:\/\/api.w.org\/{rel}","templated":true}]}}