{"id":126194,"date":"2025-10-21T09:57:27","date_gmt":"2025-10-21T09:57:27","guid":{"rendered":"https:\/\/rdnews.al\/?p=126194"},"modified":"2025-10-21T09:57:27","modified_gmt":"2025-10-21T09:57:27","slug":"droga-malltezi-mallin-vendas-e-mbron-edvini-nuk-guxon-kush-tia-prishe-tregun-me-mall-importi","status":"publish","type":"post","link":"https:\/\/rdnews.al\/index.php\/2025\/10\/21\/droga-malltezi-mallin-vendas-e-mbron-edvini-nuk-guxon-kush-tia-prishe-tregun-me-mall-importi\/","title":{"rendered":"Droga\/ Malltezi: Mallin\u00a0vendas e mbron Edvini, nuk guxon kush t\u2019ia prish\u00eb tregun me mall importi!"},"content":{"rendered":"<p>Drejtuesi i Departamentit t\u00eb Mjedisit n\u00eb PD, Jamarb\u00ebr Malltezi ka ironizuar policin\u00eb p\u00ebr &#8220;operacionin&#8221; e kapjes s\u00eb nj\u00eb sasie kanabisi n\u00eb aeroportin e Rinasit.<\/p>\n<p>&#8220;Mallin vendas e mbron Edvini dhe nuk guxon kush t\u2019ia prish\u00eb tregun me mall importi. Sa p\u00ebr t\u00eb tjerat tymi t\u2019i dal\u00eb&#8221;, shkruan Malltezi.<\/p>\n<p>Nd\u00ebrkoh\u00eb q\u00eb n\u00eb foton e valixheve kineze ka t\u00eb postur edhe nj\u00eb shenim t\u00eb shkurt\u00ebr.<\/p>\n<p>\u201cDogana n\u00eb krye t\u00eb detyr\u00ebs duke mbrojt mallin vendas nga importi. T\u00eb kalojn\u00eb 101 kontenier\u00eb me mbetje t\u00eb rrezikshme, ve\u00e7 malli jon\u00eb ruhet\u201d.<\/p>\n<div class=\"readmore-text-here\">\n<p><strong>Postimi<\/strong><\/p>\n<p><iframe loading=\"lazy\" src=\"https:\/\/www.facebook.com\/plugins\/post.php?href=https%3A%2F%2Fwww.facebook.com%2Fabi.malltezi%2Fposts%2Fpfbid02EUioswQATk4h4fZ6xe1xFm5ijeYhGG31CAWpzeppjvv9EJZBwG1UoRYKsFniWLdBl&amp;show_text=true&amp;width=500\" width=\"500\" height=\"609\" frameborder=\"0\" scrolling=\"no\" allowfullscreen=\"allowfullscreen\" data-mce-fragment=\"1\"><\/iframe><\/p>\n<\/div>\n<div id=\"rekl-33\"><\/div>\n","protected":false},"excerpt":{"rendered":"<p>Drejtuesi i Departamentit t\u00eb Mjedisit n\u00eb PD, Jamarb\u00ebr Malltezi ka ironizuar policin\u00eb p\u00ebr &#8220;operacionin&#8221; e kapjes s\u00eb nj\u00eb sasie kanabisi n\u00eb aeroportin e Rinasit. &#8220;Mallin vendas e mbron Edvini dhe nuk guxon kush t\u2019ia prish\u00eb tregun me mall importi. Sa p\u00ebr t\u00eb tjerat tymi t\u2019i dal\u00eb&#8221;, shkruan Malltezi. Nd\u00ebrkoh\u00eb q\u00eb n\u00eb foton e valixheve kineze &hellip;<\/p>\n","protected":false},"author":4,"featured_media":118590,"comment_status":"closed","ping_status":"closed","sticky":false,"template":"","format":"standard","meta":{"footnotes":""},"categories":[37],"tags":[],"class_list":["post-126194","post","type-post","status-publish","format-standard","has-post-thumbnail","","category-politike"],"_links":{"self":[{"href":"https:\/\/rdnews.al\/index.php\/wp-json\/wp\/v2\/posts\/126194","targetHints":{"allow":["GET"]}}],"collection":[{"href":"https:\/\/rdnews.al\/index.php\/wp-json\/wp\/v2\/posts"}],"about":[{"href":"https:\/\/rdnews.al\/index.php\/wp-json\/wp\/v2\/types\/post"}],"author":[{"embeddable":true,"href":"https:\/\/rdnews.al\/index.php\/wp-json\/wp\/v2\/users\/4"}],"replies":[{"embeddable":true,"href":"https:\/\/rdnews.al\/index.php\/wp-json\/wp\/v2\/comments?post=126194"}],"version-history":[{"count":1,"href":"https:\/\/rdnews.al\/index.php\/wp-json\/wp\/v2\/posts\/126194\/revisions"}],"predecessor-version":[{"id":126195,"href":"https:\/\/rdnews.al\/index.php\/wp-json\/wp\/v2\/posts\/126194\/revisions\/126195"}],"wp:featuredmedia":[{"embeddable":true,"href":"https:\/\/rdnews.al\/index.php\/wp-json\/wp\/v2\/media\/118590"}],"wp:attachment":[{"href":"https:\/\/rdnews.al\/index.php\/wp-json\/wp\/v2\/media?parent=126194"}],"wp:term":[{"taxonomy":"category","embeddable":true,"href":"https:\/\/rdnews.al\/index.php\/wp-json\/wp\/v2\/categories?post=126194"},{"taxonomy":"post_tag","embeddable":true,"href":"https:\/\/rdnews.al\/index.php\/wp-json\/wp\/v2\/tags?post=126194"}],"curies":[{"name":"wp","href":"https:\/\/api.w.org\/{rel}","templated":true}]}}