{"id":126197,"date":"2025-10-21T10:14:37","date_gmt":"2025-10-21T10:14:37","guid":{"rendered":"https:\/\/rdnews.al\/?p=126197"},"modified":"2025-10-21T10:14:37","modified_gmt":"2025-10-21T10:14:37","slug":"sarkozy-nis-denimin-me-5-vite-burg-qindra-mbeshtetes-therrasin-nicolas-nicolas","status":"publish","type":"post","link":"https:\/\/rdnews.al\/index.php\/2025\/10\/21\/sarkozy-nis-denimin-me-5-vite-burg-qindra-mbeshtetes-therrasin-nicolas-nicolas\/","title":{"rendered":"Sarkozy nis d\u00ebnimin me 5 vite burg, qindra mb\u00ebshtet\u00ebs th\u00ebrrasin \u201cNicolas, Nicolas\u201d"},"content":{"rendered":"<p><strong>Nga Enton DO\u00c7I<\/strong><\/p>\n<p>Ish-presidenti francez, Nicolas Sarkozy, \u00ebsht\u00eb nisur p\u00ebr t\u00eb filluar d\u00ebnimin e tij pes\u00ebvje\u00e7ar pas shpalljes s\u00eb faj\u00ebsis\u00eb p\u00ebr konspiracion kriminal mbi financimin e dyshuar t\u00eb paligjsh\u00ebm t\u00eb fushat\u00ebs s\u00eb tij presidenciale t\u00eb vitit 2007.<\/p>\n<p>70-vje\u00e7ari u fotografua t\u00eb mart\u00ebn n\u00eb m\u00ebngjes duke mbajtur dor\u00ebn e gruas s\u00eb tij, Carla Bruni-Sarkozy, e cila e p\u00ebrsh\u00ebndeti me nj\u00eb puthje p\u00ebrpara se ai t\u00eb hynte n\u00eb makin\u00ebn q\u00eb do ta \u00e7onte n\u00eb burgun\u00a0<em>La Sant\u00e9<\/em>\u00a0t\u00eb Parisit.<\/p>\n<p>Qindra mb\u00ebshtet\u00ebs k\u00ebnduan \u201cNicolas, Nicolas\u201d dhe himnin komb\u00ebtar francez nd\u00ebrsa ai largohej nga sht\u00ebpia e tij, nd\u00ebrsa f\u00ebmij\u00ebt dhe nip\u00ebrit e mbesat e tij ishin gjithashtu t\u00eb pranish\u00ebm.<\/p>\n<p>P\u00ebrpara se t\u00eb hynte n\u00eb burg, Sarkozy postoi n\u00eb rrjetet sociale se ndihet nj\u00eb \u201cnjeri i pafajsh\u00ebm\u201d dhe shprehu pik\u00ebllimin e tij p\u00ebr Franc\u00ebn.Sarkozy do t\u00eb jet\u00eb ish-presidenti i par\u00eb francez q\u00eb do t\u00eb shkoj\u00eb n\u00eb burg q\u00eb nga periudha pas Luft\u00ebs s\u00eb Dyt\u00eb Bot\u00ebrore.<\/p>\n<p>P\u00ebr arsye sigurie, ai do t\u00eb mbahet n\u00eb izolim dhe ka planifikuar t\u00eb marr\u00eb me vete disa libra, p\u00ebrfshir\u00eb klasik\u00ebn \u201cKonti i Monte Kristos\u201d t\u00eb Alexandre Dumas.<\/p>\n","protected":false},"excerpt":{"rendered":"<p>Nga Enton DO\u00c7I Ish-presidenti francez, Nicolas Sarkozy, \u00ebsht\u00eb nisur p\u00ebr t\u00eb filluar d\u00ebnimin e tij pes\u00ebvje\u00e7ar pas shpalljes s\u00eb faj\u00ebsis\u00eb p\u00ebr konspiracion kriminal mbi financimin e dyshuar t\u00eb paligjsh\u00ebm t\u00eb fushat\u00ebs s\u00eb tij presidenciale t\u00eb vitit 2007. 70-vje\u00e7ari u fotografua t\u00eb mart\u00ebn n\u00eb m\u00ebngjes duke mbajtur dor\u00ebn e gruas s\u00eb tij, Carla Bruni-Sarkozy, e cila &hellip;<\/p>\n","protected":false},"author":4,"featured_media":126198,"comment_status":"closed","ping_status":"closed","sticky":false,"template":"","format":"standard","meta":{"footnotes":""},"categories":[38],"tags":[],"class_list":["post-126197","post","type-post","status-publish","format-standard","has-post-thumbnail","","category-bota"],"_links":{"self":[{"href":"https:\/\/rdnews.al\/index.php\/wp-json\/wp\/v2\/posts\/126197","targetHints":{"allow":["GET"]}}],"collection":[{"href":"https:\/\/rdnews.al\/index.php\/wp-json\/wp\/v2\/posts"}],"about":[{"href":"https:\/\/rdnews.al\/index.php\/wp-json\/wp\/v2\/types\/post"}],"author":[{"embeddable":true,"href":"https:\/\/rdnews.al\/index.php\/wp-json\/wp\/v2\/users\/4"}],"replies":[{"embeddable":true,"href":"https:\/\/rdnews.al\/index.php\/wp-json\/wp\/v2\/comments?post=126197"}],"version-history":[{"count":1,"href":"https:\/\/rdnews.al\/index.php\/wp-json\/wp\/v2\/posts\/126197\/revisions"}],"predecessor-version":[{"id":126199,"href":"https:\/\/rdnews.al\/index.php\/wp-json\/wp\/v2\/posts\/126197\/revisions\/126199"}],"wp:featuredmedia":[{"embeddable":true,"href":"https:\/\/rdnews.al\/index.php\/wp-json\/wp\/v2\/media\/126198"}],"wp:attachment":[{"href":"https:\/\/rdnews.al\/index.php\/wp-json\/wp\/v2\/media?parent=126197"}],"wp:term":[{"taxonomy":"category","embeddable":true,"href":"https:\/\/rdnews.al\/index.php\/wp-json\/wp\/v2\/categories?post=126197"},{"taxonomy":"post_tag","embeddable":true,"href":"https:\/\/rdnews.al\/index.php\/wp-json\/wp\/v2\/tags?post=126197"}],"curies":[{"name":"wp","href":"https:\/\/api.w.org\/{rel}","templated":true}]}}