{"id":126212,"date":"2025-10-21T10:41:54","date_gmt":"2025-10-21T10:41:54","guid":{"rendered":"https:\/\/rdnews.al\/?p=126212"},"modified":"2025-10-21T10:42:04","modified_gmt":"2025-10-21T10:42:04","slug":"kishte-ofenduar-presidentin-amerikan-ambasadori-australian-i-kerkon-falje-i-perulur","status":"publish","type":"post","link":"https:\/\/rdnews.al\/index.php\/2025\/10\/21\/kishte-ofenduar-presidentin-amerikan-ambasadori-australian-i-kerkon-falje-i-perulur\/","title":{"rendered":"Kishte ofenduar Presidentin amerikan\/ Ambasadori australian i k\u00ebrkon falje i p\u00ebrulur"},"content":{"rendered":"<p>Gjat\u00eb nj\u00eb takimi n\u00eb dhom\u00ebn e kabinetit n\u00eb Sht\u00ebpin\u00eb e Bardh\u00eb, presidenti amerikan Donald Trump i tha ambasadorit australian Kevin Rudd: \u201cAs ti nuk m\u00eb p\u00eblqen. Dhe ndoshta nuk do t\u00eb m\u00eb p\u00eblqesh kurr\u00eb.\u201d\u00a0Rudd kishte publikuar m\u00eb her\u00ebt komente negative p\u00ebr Trump n\u00eb rrjetet sociale, t\u00eb cilat i fshiu pasi mori detyr\u00ebn si ambasador.<\/p>\n<p>Ky ishte momenti m\u00eb i tensionuar dhe i sikletsh\u00ebm n\u00eb nj\u00eb konferenc\u00eb shtypi tipike p\u00ebr stilin e lirsh\u00ebm dhe kaotik t\u00eb presidentit amerikan. Por menj\u00ebher\u00eb pas k\u00ebsaj deklarate, salla shp\u00ebrtheu n\u00eb t\u00eb qeshura, si nj\u00eb valvul presioni q\u00eb u \u00e7lirua n\u00eb qarqet diplomatike dhe qeveritare australiane.<\/p>\n<p>Rreth gjysm\u00eb ore m\u00eb von\u00eb, pas nj\u00eb takimi t\u00eb ngroht\u00eb dhe pa drama mes Trump dhe kryeministrit australian Anthony Albanese, Rudd u d\u00ebgjua t\u2019i k\u00ebrkonte falje presidentit, duke u p\u00ebrkulur mbi tavolin\u00eb p\u00ebr t\u2019i th\u00ebn\u00eb \u201cm\u00eb fal\u201d njeriut q\u00eb kat\u00ebr vite m\u00eb par\u00eb e kishte quajtur \u201cidiot fshati\u201d.<\/p>\n<p>The Guardian\u00a0shkruan se Trump i tha Rudd-it se \u201cgjith\u00e7ka \u00ebsht\u00eb falur\u201d pasi mediat u larguan.<\/p>\n<p>N\u00eb nj\u00eb dhom\u00eb t\u00eb dekoruar me portrete president\u00ebsh t\u00eb m\u00ebparsh\u00ebm, n\u00ebn llambadar\u00eb vezullues dhe me zbukurime t\u00eb arta, Trump nuk u duk aspak i shqet\u00ebsuar nga komentet e m\u00ebparshme t\u00eb ambasadorit australian.<\/p>\n<p>P\u00ebr nj\u00eb vit, kritik\u00ebt konservator\u00eb kishin spekuluar se Trump e kishte \u201cngrir\u00eb\u201d diplomatikisht Australin\u00eb p\u00ebr shkak t\u00eb komenteve kritike t\u00eb Rudd-it n\u00eb vitin 2021. Por p\u00ebrball\u00eb ish-kryeministrit, Trump nuk dha shenja se e njihte apo e mbante mend, dhe nuk lejoi q\u00eb kjo t\u00eb ndikonte n\u00eb q\u00ebndrimin jasht\u00ebzakonisht pozitiv q\u00eb shfaqi ndaj Albanese, t\u00eb cilin e mbuloi me l\u00ebvdata.<\/p>\n<p>Nd\u00ebrveprimi i shkurt\u00ebr me Rudd-in, q\u00eb b\u00ebri Albanese-n t\u00eb qesh\u00eb, u nxit nga nj\u00eb pyetje e nj\u00eb gazetari australian p\u00ebr komentet e m\u00ebparshme t\u00eb ambasadorit. \u201cA ka th\u00ebn\u00eb ndonj\u00eb gj\u00eb ambasadori?\u201d pyeti Trump. \u201cNuk di gj\u00eb p\u00ebr t\u00eb. N\u00ebse ka th\u00ebn\u00eb di\u00e7ka t\u00eb keqe, ndoshta do t\u00eb donte t\u00eb k\u00ebrkonte falje. Mos ma thuaj.\u201d<\/p>\n<p>Duke iu drejtuar Albanese-s me nj\u00eb ton gjysm\u00eb shakaje, Trump pyeti:\u00a0\u201cKu \u00ebsht\u00eb ai? Po punon ende p\u00ebr ty?\u201d\u00a0Albanese tregoi me gisht: \u201c\u00cbsht\u00eb aty.\u201d T\u00eb gjith\u00eb syt\u00eb u kthyen nga Rudd, deri at\u00ebher\u00eb i heshtur dhe pothuajse i paduksh\u00ebm.<\/p>\n<p>N\u00eb n\u00ebntor 2024, pas konfirmimit t\u00eb Rudd-it si ambasador, u publikua nj\u00eb video nga nj\u00eb intervist\u00eb e vitit 2021 ku ai e p\u00ebrshkruante Trumpin si \u201cbudalla fshati\u201d dhe \u201cjo nj\u00eb forc\u00eb intelektuale udh\u00ebheq\u00ebse\u201d.\u00a0M\u00eb von\u00eb u zbulua se Rudd kishte fshir\u00eb postimet e vjetra kritike n\u00eb rrjetet sociale, nd\u00ebrsa nj\u00eb k\u00ebshilltar i Trumpit e ripostoi deklarat\u00ebn e tij.<\/p>\n<p>N\u00ebse Trump i kishte mbajtur inat p\u00ebr komentet, q\u00ebndrimi i tij nuk e tregoi k\u00ebt\u00eb.<\/p>\n","protected":false},"excerpt":{"rendered":"<p>Gjat\u00eb nj\u00eb takimi n\u00eb dhom\u00ebn e kabinetit n\u00eb Sht\u00ebpin\u00eb e Bardh\u00eb, presidenti amerikan Donald Trump i tha ambasadorit australian Kevin Rudd: \u201cAs ti nuk m\u00eb p\u00eblqen. Dhe ndoshta nuk do t\u00eb m\u00eb p\u00eblqesh kurr\u00eb.\u201d\u00a0Rudd kishte publikuar m\u00eb her\u00ebt komente negative p\u00ebr Trump n\u00eb rrjetet sociale, t\u00eb cilat i fshiu pasi mori detyr\u00ebn si ambasador. Ky &hellip;<\/p>\n","protected":false},"author":3,"featured_media":126213,"comment_status":"closed","ping_status":"closed","sticky":false,"template":"","format":"standard","meta":{"footnotes":""},"categories":[38],"tags":[],"class_list":["post-126212","post","type-post","status-publish","format-standard","has-post-thumbnail","","category-bota"],"_links":{"self":[{"href":"https:\/\/rdnews.al\/index.php\/wp-json\/wp\/v2\/posts\/126212","targetHints":{"allow":["GET"]}}],"collection":[{"href":"https:\/\/rdnews.al\/index.php\/wp-json\/wp\/v2\/posts"}],"about":[{"href":"https:\/\/rdnews.al\/index.php\/wp-json\/wp\/v2\/types\/post"}],"author":[{"embeddable":true,"href":"https:\/\/rdnews.al\/index.php\/wp-json\/wp\/v2\/users\/3"}],"replies":[{"embeddable":true,"href":"https:\/\/rdnews.al\/index.php\/wp-json\/wp\/v2\/comments?post=126212"}],"version-history":[{"count":2,"href":"https:\/\/rdnews.al\/index.php\/wp-json\/wp\/v2\/posts\/126212\/revisions"}],"predecessor-version":[{"id":126215,"href":"https:\/\/rdnews.al\/index.php\/wp-json\/wp\/v2\/posts\/126212\/revisions\/126215"}],"wp:featuredmedia":[{"embeddable":true,"href":"https:\/\/rdnews.al\/index.php\/wp-json\/wp\/v2\/media\/126213"}],"wp:attachment":[{"href":"https:\/\/rdnews.al\/index.php\/wp-json\/wp\/v2\/media?parent=126212"}],"wp:term":[{"taxonomy":"category","embeddable":true,"href":"https:\/\/rdnews.al\/index.php\/wp-json\/wp\/v2\/categories?post=126212"},{"taxonomy":"post_tag","embeddable":true,"href":"https:\/\/rdnews.al\/index.php\/wp-json\/wp\/v2\/tags?post=126212"}],"curies":[{"name":"wp","href":"https:\/\/api.w.org\/{rel}","templated":true}]}}