{"id":126471,"date":"2025-10-24T12:03:51","date_gmt":"2025-10-24T12:03:51","guid":{"rendered":"https:\/\/rdnews.al\/?p=126471"},"modified":"2025-10-24T12:03:51","modified_gmt":"2025-10-24T12:03:51","slug":"balluku-merret-e-pandehur-kontrolle-ne-banesat-e-bashkepunetoreve-te-saj","status":"publish","type":"post","link":"https:\/\/rdnews.al\/index.php\/2025\/10\/24\/balluku-merret-e-pandehur-kontrolle-ne-banesat-e-bashkepunetoreve-te-saj\/","title":{"rendered":"Balluku merret e pandehur, kontrolle n\u00eb banesat e bashk\u00ebpun\u00ebtor\u00ebve t\u00eb saj!"},"content":{"rendered":"<p>Prokuroria e Posa\u00e7me ka marr\u00eb t\u00eb pandehur Belinda Ballukun, z\u00ebvend\u00ebskryeministren dhe Ministren e Energjis\u00eb dhe Infrastruktur\u00ebs. Flet\u00eb-thirrja p\u00ebr Ballukun ka shkuar n\u00eb adres\u00eb t\u00eb Ministris\u00eb s\u00eb Energjis\u00eb dhe Infrastruktur\u00ebs, mbi baz\u00ebn e nj\u00eb shkrese q\u00eb mban firm\u00ebn e prokurorit t\u00eb Posa\u00e7\u00ebm, Dritan Pren\u00e7i.<\/p>\n<p>SPAK nuk ka dh\u00ebn\u00eb detaje mbi marrjen t\u00eb pandehur t\u00eb Ballukut, apo komunikimin e akuz\u00ebs, zyrtarisht numrit dy t\u00eb qeveris\u00eb shqiptare.<\/p>\n<p>SPPAK, sipas informacioneve, k\u00ebrkon nga Balluku q\u00eb t\u00eb paraqitet pran\u00eb k\u00ebtij institucioni n\u00ebn prezenc\u00ebn e nj\u00eb avokati.\u00a0Nga ana tjet\u00ebr SPAK po kryen kontrolle nd\u00ebrkoh\u00eb te disa bashk\u00ebpun\u00ebtor\u00eb t\u00eb Belinda Ballukut.<\/p>\n<p>Ndaj numrit dy t\u00eb qeveris\u00eb Rama, ka nj\u00eb s\u00ebr\u00eb kall\u00ebzimesh penale, p\u00ebrfshir\u00eb edhe at\u00eb t\u00eb tunelit t\u00eb Llogaras\u00eb ku vlera e tenderit q\u00eb u fitua nga nj\u00eb kompani turke u rrit me mbi 50 mln euro.<\/p>\n<p>Nuk dihet n\u00ebse zonja Balluku do t\u2019i p\u00ebrgjigjet flet\u00ebthirrjes s\u00eb SPAK dhe n\u00eb k\u00ebt\u00eb pozit\u00eb t\u00eb re p\u00ebrball\u00eb drejt\u00ebsis\u00eb do t\u00eb vijoj\u00eb apo jo t\u00eb q\u00ebndroj\u00eb n\u00eb postet qeveritare apo do zgjedh\u00eb t\u00eb largohet me dor\u00ebheqje e ta zhvilloj\u00eb betej\u00ebn e saj pa mburoj\u00ebn e Partis\u00eb Socialiste.<\/p>\n<p>Belinda Balluku e ushtron detyr\u00ebn e z\u00ebvend\u00ebskryeministres q\u00eb prej korrikut 2022. Nd\u00ebrsa at\u00eb t\u00eb Ministres s\u00eb Infrastruktur\u00ebs dhe Energjis\u00eb, q\u00eb prej janarit t\u00eb vitit 2019. Balluku ishte drejtuese politike e Qarkut Fier, ku n\u00eb zgjedhjet e 11 majit fitoi 12 mandate.<\/p>\n","protected":false},"excerpt":{"rendered":"<p>Prokuroria e Posa\u00e7me ka marr\u00eb t\u00eb pandehur Belinda Ballukun, z\u00ebvend\u00ebskryeministren dhe Ministren e Energjis\u00eb dhe Infrastruktur\u00ebs. Flet\u00eb-thirrja p\u00ebr Ballukun ka shkuar n\u00eb adres\u00eb t\u00eb Ministris\u00eb s\u00eb Energjis\u00eb dhe Infrastruktur\u00ebs, mbi baz\u00ebn e nj\u00eb shkrese q\u00eb mban firm\u00ebn e prokurorit t\u00eb Posa\u00e7\u00ebm, Dritan Pren\u00e7i. SPAK nuk ka dh\u00ebn\u00eb detaje mbi marrjen t\u00eb pandehur t\u00eb Ballukut, apo &hellip;<\/p>\n","protected":false},"author":4,"featured_media":106035,"comment_status":"closed","ping_status":"closed","sticky":false,"template":"","format":"standard","meta":{"footnotes":""},"categories":[37],"tags":[],"class_list":["post-126471","post","type-post","status-publish","format-standard","has-post-thumbnail","","category-politike"],"_links":{"self":[{"href":"https:\/\/rdnews.al\/index.php\/wp-json\/wp\/v2\/posts\/126471","targetHints":{"allow":["GET"]}}],"collection":[{"href":"https:\/\/rdnews.al\/index.php\/wp-json\/wp\/v2\/posts"}],"about":[{"href":"https:\/\/rdnews.al\/index.php\/wp-json\/wp\/v2\/types\/post"}],"author":[{"embeddable":true,"href":"https:\/\/rdnews.al\/index.php\/wp-json\/wp\/v2\/users\/4"}],"replies":[{"embeddable":true,"href":"https:\/\/rdnews.al\/index.php\/wp-json\/wp\/v2\/comments?post=126471"}],"version-history":[{"count":1,"href":"https:\/\/rdnews.al\/index.php\/wp-json\/wp\/v2\/posts\/126471\/revisions"}],"predecessor-version":[{"id":126472,"href":"https:\/\/rdnews.al\/index.php\/wp-json\/wp\/v2\/posts\/126471\/revisions\/126472"}],"wp:featuredmedia":[{"embeddable":true,"href":"https:\/\/rdnews.al\/index.php\/wp-json\/wp\/v2\/media\/106035"}],"wp:attachment":[{"href":"https:\/\/rdnews.al\/index.php\/wp-json\/wp\/v2\/media?parent=126471"}],"wp:term":[{"taxonomy":"category","embeddable":true,"href":"https:\/\/rdnews.al\/index.php\/wp-json\/wp\/v2\/categories?post=126471"},{"taxonomy":"post_tag","embeddable":true,"href":"https:\/\/rdnews.al\/index.php\/wp-json\/wp\/v2\/tags?post=126471"}],"curies":[{"name":"wp","href":"https:\/\/api.w.org\/{rel}","templated":true}]}}