{"id":126473,"date":"2025-10-24T12:10:45","date_gmt":"2025-10-24T12:10:45","guid":{"rendered":"https:\/\/rdnews.al\/?p=126473"},"modified":"2025-10-24T12:10:45","modified_gmt":"2025-10-24T12:10:45","slug":"farsa-elektorale-berisha-rama-deshtoi-per-te-ndryshuar-raportin-e-osbe-odihr-ky-ishte-raporti-me-damkoses-ne-33-vite","status":"publish","type":"post","link":"https:\/\/rdnews.al\/index.php\/2025\/10\/24\/farsa-elektorale-berisha-rama-deshtoi-per-te-ndryshuar-raportin-e-osbe-odihr-ky-ishte-raporti-me-damkoses-ne-33-vite\/","title":{"rendered":"Farsa elektorale\/ Berisha: Rama d\u00ebshtoi p\u00ebr t\u00eb ndryshuar raportin e OSBE-ODIHR! Ky ishte raporti m\u00eb damkos\u00ebs n\u00eb 33 vite!"},"content":{"rendered":"<p>Kryetari i PD, Sali Berisha, deklaroi se p\u00ebrpjekjet e Edi Ram\u00ebs p\u00ebr t\u00eb ndryshuar ose bllokuar raportin p\u00ebr zgjedhjet e 11 majit kan\u00eb d\u00ebshtuar plot\u00ebsisht. Ai e cil\u00ebsoi raportin p\u00ebrfundimtar t\u00eb v\u00ebzhguesve nd\u00ebrkomb\u00ebtar\u00eb si m\u00eb t\u00eb ashp\u00ebrin dhe m\u00eb damkos\u00ebsin n\u00eb 33 vite, q\u00eb ekspozon hapur fars\u00ebn elektorale t\u00eb qeveris\u00eb.<br \/>\nBerisha theksoi se dokumenti rendit fakte t\u00eb panum\u00ebrta mbi p\u00ebrdorimin e burimeve shtet\u00ebrore, presionet politike dhe funksionimin e partis\u00eb-shtet, duke provuar se procesi nuk p\u00ebrputhet me asnj\u00eb standard demokratik.<br \/>\n\u201cIshte ngjarje e nj\u00eb r\u00ebnd\u00ebsie shum\u00eb t\u00eb madhe d\u00ebshtimi i plot\u00eb i p\u00ebrpjekjeve t\u00eb jasht\u00ebzakonshme t\u00eb Edi Ram\u00ebs p\u00ebr t\u00eb ndryshuar, p\u00ebr t\u00eb mos th\u00ebn\u00eb p\u00ebr t\u00eb bllokuar, raportin mbi fars\u00ebn elektorale t\u00eb 11 majit.<br \/>\n\u00cbsht\u00eb n\u00eb dinjitetin e atyre v\u00ebzhguesve dhe drejtuesve t\u00eb tyre q\u00eb jo vet\u00ebm nuk ndryshuan asnj\u00eb pik\u00eb dhe asnj\u00eb presje nga raporti paraprak, por n\u00eb nj\u00eb seri \u00e7\u00ebshtjesh renditen shum\u00ebsi faktesh dhe t\u00eb dh\u00ebna me t\u00eb cilat i dhan\u00eb p\u00ebrgjigje p\u00ebrfundimtare Edi Ram\u00ebs, q\u00eb u thoshte ku keni fakte p\u00ebr t\u00eb provuar k\u00ebto q\u00eb keni shkruar.<br \/>\nAi q\u00eb ka sy t\u00eb lexoj\u00eb, le t\u00eb lexoj\u00eb n\u00eb faqe t\u00eb t\u00ebra rreshtohen e gjith\u00eb bat\u00ebrdia zgjedhore, jo n\u00eb nj\u00eb apo dy rrethe, por n\u00eb shumic\u00ebn e qarqeve t\u00eb Shqip\u00ebris\u00eb.<br \/>\nE v\u00ebrteta \u00ebsht\u00eb se n\u00eb 33 vite, ky \u00ebsht\u00eb raporti m\u00eb damkos\u00ebs p\u00ebr fars\u00ebn elektorale t\u00eb Edi Ram\u00ebs.<br \/>\nAsnj\u00eb raport tjet\u00ebr nuk ka pasur p\u00ebrmasat e denoncimit t\u00eb fars\u00ebs si raporti i zgjedhjeve t\u00eb 11 majit.<br \/>\nJan\u00eb rreshtuar argumente t\u00eb pafundme t\u00eb funksionimit t\u00eb partis\u00eb shtet. T\u00eb p\u00ebrdorimit t\u00eb t\u00eb gjitha resurseve t\u00eb qeveris\u00eb dhe shtetit p\u00ebr t\u00eb grabitur zgjedhjet.<br \/>\nNatyrisht raporti nuk mund t\u00eb shkruaj\u00eb ato q\u00eb nuk shkruhen. Jo. Ai ka pasur detyr\u00eb, ata burra e gra kan\u00eb pasur detyr\u00eb t\u00eb thon\u00eb n\u00ebse zgjedhjet p\u00ebrputhen me standardet nd\u00ebrkomb\u00ebtare apo jo.<br \/>\nDhe ata faktojn\u00eb se n\u00eb nj\u00eb demokraci pluraliste, k\u00ebto zgjedhje nuk p\u00ebrputhen nd\u00ebrkomb\u00ebtare n\u00eb parimin m\u00eb themelor t\u00eb barazis\u00eb.<br \/>\nAta faktojn\u00eb se u p\u00ebrdor\u00ebn t\u00eb gjitha mjetet p\u00ebr t\u00eb shnd\u00ebrruar nj\u00eb proces elektoral n\u00eb fars\u00eb.<br \/>\nDhe i p\u00ebrsh\u00ebndes p\u00ebrzem\u00ebrsisht q\u00eb i kan\u00eb q\u00ebndruar kryeministrit n\u00eb t\u00eb gjitha q\u00ebndrimet e tij antikushtetuese, antiligjore n\u00eb fars\u00ebn elektorale.<br \/>\nKa nj\u00eb citim timin, ju lutem, vet\u00ebm p\u00ebr nj\u00eb moment m\u00eb duhet ta zb\u00ebrthej pak.<br \/>\nThot\u00eb se Berisha k\u00ebrc\u00ebnoi nj\u00eb aleat t\u00eb Ram\u00ebs se me dat\u00ebn 11 maj do t\u00eb shpalleni organizat\u00eb terroriste. Fjala ishte p\u00ebr kartelin Troplini. E kam th\u00ebn\u00eb at\u00eb dhe un\u00eb i p\u00ebrg\u00ebzoj. Un\u00eb e kam deklaruar se jo vet\u00ebm karteli Troplini, por t\u00eb gjitha do shpallen organizata terroriste.<br \/>\nUn\u00eb i fal\u00ebnderoj se ata jan\u00eb n\u00eb m\u00ebnyr\u00eb absolute deg\u00ebt evropiane t\u00eb karteleve narkoterroriste t\u00eb Amerik\u00ebs Latine. Kjo \u00ebsht\u00eb e v\u00ebrteta\u201d, tha Berisha.<\/p>\n","protected":false},"excerpt":{"rendered":"<p>Kryetari i PD, Sali Berisha, deklaroi se p\u00ebrpjekjet e Edi Ram\u00ebs p\u00ebr t\u00eb ndryshuar ose bllokuar raportin p\u00ebr zgjedhjet e 11 majit kan\u00eb d\u00ebshtuar plot\u00ebsisht. Ai e cil\u00ebsoi raportin p\u00ebrfundimtar t\u00eb v\u00ebzhguesve nd\u00ebrkomb\u00ebtar\u00eb si m\u00eb t\u00eb ashp\u00ebrin dhe m\u00eb damkos\u00ebsin n\u00eb 33 vite, q\u00eb ekspozon hapur fars\u00ebn elektorale t\u00eb qeveris\u00eb. Berisha theksoi se dokumenti rendit &hellip;<\/p>\n","protected":false},"author":4,"featured_media":126474,"comment_status":"closed","ping_status":"closed","sticky":false,"template":"","format":"standard","meta":{"footnotes":""},"categories":[37],"tags":[],"class_list":["post-126473","post","type-post","status-publish","format-standard","has-post-thumbnail","","category-politike"],"_links":{"self":[{"href":"https:\/\/rdnews.al\/index.php\/wp-json\/wp\/v2\/posts\/126473","targetHints":{"allow":["GET"]}}],"collection":[{"href":"https:\/\/rdnews.al\/index.php\/wp-json\/wp\/v2\/posts"}],"about":[{"href":"https:\/\/rdnews.al\/index.php\/wp-json\/wp\/v2\/types\/post"}],"author":[{"embeddable":true,"href":"https:\/\/rdnews.al\/index.php\/wp-json\/wp\/v2\/users\/4"}],"replies":[{"embeddable":true,"href":"https:\/\/rdnews.al\/index.php\/wp-json\/wp\/v2\/comments?post=126473"}],"version-history":[{"count":1,"href":"https:\/\/rdnews.al\/index.php\/wp-json\/wp\/v2\/posts\/126473\/revisions"}],"predecessor-version":[{"id":126475,"href":"https:\/\/rdnews.al\/index.php\/wp-json\/wp\/v2\/posts\/126473\/revisions\/126475"}],"wp:featuredmedia":[{"embeddable":true,"href":"https:\/\/rdnews.al\/index.php\/wp-json\/wp\/v2\/media\/126474"}],"wp:attachment":[{"href":"https:\/\/rdnews.al\/index.php\/wp-json\/wp\/v2\/media?parent=126473"}],"wp:term":[{"taxonomy":"category","embeddable":true,"href":"https:\/\/rdnews.al\/index.php\/wp-json\/wp\/v2\/categories?post=126473"},{"taxonomy":"post_tag","embeddable":true,"href":"https:\/\/rdnews.al\/index.php\/wp-json\/wp\/v2\/tags?post=126473"}],"curies":[{"name":"wp","href":"https:\/\/api.w.org\/{rel}","templated":true}]}}