{"id":126479,"date":"2025-10-24T13:00:24","date_gmt":"2025-10-24T13:00:24","guid":{"rendered":"https:\/\/rdnews.al\/?p=126479"},"modified":"2025-10-24T20:22:05","modified_gmt":"2025-10-24T20:22:05","slug":"po-shkoj-ne-burg-per-ty-balluku-perplaset-me-ramen","status":"publish","type":"post","link":"https:\/\/rdnews.al\/index.php\/2025\/10\/24\/po-shkoj-ne-burg-per-ty-balluku-perplaset-me-ramen\/","title":{"rendered":"&#8220;Po shkoj n\u00eb burg p\u00ebr ty&#8230;&#8221;\/ Balluku p\u00ebrplaset me Ram\u00ebn"},"content":{"rendered":"<div class=\"chapo\">Belinda Balluku nuk po kalon dit\u00eb t\u00eb lehta. Ajo \u00ebsht\u00eb<a href=\"https:\/\/zoom.al\/tensione-ne-qeveri-belinda-balluku-nen-presion-nga-rama-per-aeroportin-e-vlores\/\" target=\"_blank\" rel=\"noopener\"> konfliktuar me Ram\u00ebn p\u00ebr \u00e7\u00ebshtjen e aeroportit t\u00eb Vlor\u00ebs. Ajo \u00eb<\/a>sht\u00eb thirrur n\u00eb SPAK p\u00ebr nj\u00eb ose m\u00eb shum\u00eb hetime penale p\u00ebr disa tendera e koncesione, opozita e ka kryefjal\u00eb t\u00eb saj, nd\u00ebrsa disa media vijojn\u00eb t\u00eb publikojn\u00eb investigime q\u00eb implikojn\u00eb n\u00eb afera korruptive at\u00eb e njer\u00ebz t\u00eb saj.<\/div>\n<div><\/div>\n<div class=\"chapo\">Rama i ka dal\u00eb garant Ballukut, por duket se gj\u00ebrat kan\u00eb ndryshuar dhe kjo ka sjell\u00eb tension mes t\u00eb dyve. Balluku po shkon n\u00eb burg n\u00eb fakt p\u00ebr Ram\u00ebn q\u00eb e ka p\u00ebrdorur si kamikaze.<\/div>\n<p>Me pak fjal\u00eb, Balluku duket se ka ardhur n\u00eb finishin e karrier\u00ebs s\u00eb saj.<\/p>\n<p>P\u00ebr ta th\u00ebn\u00eb tro\u00e7, deri tani ka vet\u00ebm zhurm\u00eb. Ajo \u00e7far\u00eb i b\u00ebn t\u00eb besueshme disa nga lajmet q\u00eb po qarkullojn\u00eb, si p\u00ebr aeroportin e Vlor\u00ebs ashtu edhe p\u00ebr flet\u00eb-thirrjen nga SPAK \u00ebsht\u00eb fakti q\u00eb Balluku nuk po reagon.<br \/>\nMe gjas\u00eb ajo ka zgjedhur nj\u00eb tjet\u00ebr strategji nga ajo e Lali Erit, hija e t\u00eb cilit duket sikur po ndjek edhe numrin 2 t\u00eb qeveris\u00eb.<\/p>\n","protected":false},"excerpt":{"rendered":"<p>Belinda Balluku nuk po kalon dit\u00eb t\u00eb lehta. Ajo \u00ebsht\u00eb konfliktuar me Ram\u00ebn p\u00ebr \u00e7\u00ebshtjen e aeroportit t\u00eb Vlor\u00ebs. Ajo \u00ebsht\u00eb thirrur n\u00eb SPAK p\u00ebr nj\u00eb ose m\u00eb shum\u00eb hetime penale p\u00ebr disa tendera e koncesione, opozita e ka kryefjal\u00eb t\u00eb saj, nd\u00ebrsa disa media vijojn\u00eb t\u00eb publikojn\u00eb investigime q\u00eb implikojn\u00eb n\u00eb afera korruptive at\u00eb &hellip;<\/p>\n","protected":false},"author":3,"featured_media":126481,"comment_status":"closed","ping_status":"closed","sticky":false,"template":"","format":"standard","meta":{"footnotes":""},"categories":[40],"tags":[],"class_list":["post-126479","post","type-post","status-publish","format-standard","has-post-thumbnail","","category-aktualitet"],"_links":{"self":[{"href":"https:\/\/rdnews.al\/index.php\/wp-json\/wp\/v2\/posts\/126479","targetHints":{"allow":["GET"]}}],"collection":[{"href":"https:\/\/rdnews.al\/index.php\/wp-json\/wp\/v2\/posts"}],"about":[{"href":"https:\/\/rdnews.al\/index.php\/wp-json\/wp\/v2\/types\/post"}],"author":[{"embeddable":true,"href":"https:\/\/rdnews.al\/index.php\/wp-json\/wp\/v2\/users\/3"}],"replies":[{"embeddable":true,"href":"https:\/\/rdnews.al\/index.php\/wp-json\/wp\/v2\/comments?post=126479"}],"version-history":[{"count":1,"href":"https:\/\/rdnews.al\/index.php\/wp-json\/wp\/v2\/posts\/126479\/revisions"}],"predecessor-version":[{"id":126482,"href":"https:\/\/rdnews.al\/index.php\/wp-json\/wp\/v2\/posts\/126479\/revisions\/126482"}],"wp:featuredmedia":[{"embeddable":true,"href":"https:\/\/rdnews.al\/index.php\/wp-json\/wp\/v2\/media\/126481"}],"wp:attachment":[{"href":"https:\/\/rdnews.al\/index.php\/wp-json\/wp\/v2\/media?parent=126479"}],"wp:term":[{"taxonomy":"category","embeddable":true,"href":"https:\/\/rdnews.al\/index.php\/wp-json\/wp\/v2\/categories?post=126479"},{"taxonomy":"post_tag","embeddable":true,"href":"https:\/\/rdnews.al\/index.php\/wp-json\/wp\/v2\/tags?post=126479"}],"curies":[{"name":"wp","href":"https:\/\/api.w.org\/{rel}","templated":true}]}}