{"id":126511,"date":"2025-10-24T20:16:36","date_gmt":"2025-10-24T20:16:36","guid":{"rendered":"https:\/\/rdnews.al\/?p=126511"},"modified":"2025-10-24T20:16:36","modified_gmt":"2025-10-24T20:16:36","slug":"detajet-e-aferes-cfare-zbuluan-prokuroret-ne-bisedat-mes-ballukut-dhe-berberit","status":"publish","type":"post","link":"https:\/\/rdnews.al\/index.php\/2025\/10\/24\/detajet-e-aferes-cfare-zbuluan-prokuroret-ne-bisedat-mes-ballukut-dhe-berberit\/","title":{"rendered":"Detajet e afer\u00ebs\/ \u00c7far\u00eb zbuluan prokuror\u00ebt n\u00eb bisedat mes Ballukut dhe Berberit"},"content":{"rendered":"<p><strong>Elton QYNO<\/strong><\/p>\n<p>Sigurisht q\u00eb ky \u00ebsht\u00eb nj\u00eb lajm, p\u00ebr faktin se SPAK jo vet\u00ebm ka arritur tek niveli i z\u00ebvend\u00ebskryeministres n\u00eb detyr\u00eb, zonj\u00ebs Belinda Balluku, por p\u00ebrb\u00ebn lajm dhe interes jo vet\u00ebm p\u00ebr t\u00eb p\u00ebrgjithsh\u00ebm, por edhe t\u00eb ve\u00e7ant\u00eb p\u00ebr publikun p\u00ebr sa i p\u00ebrket \u00e7\u00ebshtjes p\u00ebr t\u00eb cil\u00ebn Balluku \u00ebsht\u00eb hetuar dhe q\u00eb s\u00eb shpejti pritet t\u2019i komunikohet akuza p\u00ebr shkelje t\u00eb barazis\u00eb n\u00eb tendera, por edhe shp\u00ebrdorim i detyr\u00ebs.<\/p>\n<p>\u00cbsht\u00eb nj\u00eb situat\u00eb e cila \u00ebsht\u00eb regjistruar q\u00eb prej vitit 2021, \u00e7\u00ebshtje e cila p\u00ebrb\u00ebn n\u00eb thelb koh\u00ebn edhe kur \u00ebsht\u00eb dh\u00ebn\u00eb nj\u00eb tender p\u00ebr monitorimin e mbik\u00ebqyrjes s\u00eb punimeve n\u00eb tunelin e Llogaras\u00eb. \u00cbsht\u00eb nj\u00eb rast q\u00eb \u00ebsht\u00eb denoncuar edhe nga ky televizion, por edhe nga media t\u00eb tjera p\u00ebr m\u00ebnyr\u00ebn sesi \u00ebsht\u00eb kryer jo vet\u00ebm kontrata koncesionare p\u00ebr nd\u00ebrtimin e k\u00ebtij tuneli, por \u00ebsht\u00eb denoncuar edhe nj\u00eb kontrat\u00eb tjet\u00ebr q\u00eb lidhet me mbik\u00ebqyrjen e punimeve.<br \/>\nKjo do t\u00eb thot\u00eb se Ministria e Infrastruktur\u00ebs, p\u00ebrve\u00e7se ka hapur tenderin p\u00ebr kryerjen e punimeve, ka hapur edhe nj\u00eb tender t\u00eb dyt\u00eb p\u00ebr mbik\u00ebqyrjen e punimeve.<\/p>\n<p>Dhe n\u00eb k\u00ebt\u00eb tender t\u00eb dyt\u00eb rezulton q\u00eb t\u00eb ken\u00eb marr\u00eb pjes\u00eb 4 kompani, t\u00eb cilat kan\u00eb b\u00ebr\u00eb nj\u00eb bashkim operator\u00ebsh ekonomik\u00eb dhe n\u00ebnkupton q\u00eb 2 kompani kan\u00eb hyr\u00eb s\u00eb bashku, nd\u00ebrsa 2 kompani t\u00eb tjera kan\u00eb hyr\u00eb s\u00eb bashku me platform\u00eb q\u00eb quhet BOT.<\/p>\n<p>Dy kompanit\u00eb q\u00eb kan\u00eb hyr\u00eb dhe kan\u00eb garuar s\u00eb bashku jan\u00eb HILL INTERNATIONAL NV dhe NET GROUP e Valter Begajt, nj\u00eb lidhje miq\u00ebsore mjaft e af\u00ebrt e Ervis Berberit dhe e Ervis Lamit, t\u00eb cil\u00ebt jan\u00eb n\u00eb nj\u00eb \u00e7\u00ebshtje t\u00eb dyt\u00eb hetimore dhe jan\u00eb marr\u00eb t\u00eb pandehur p\u00ebr sa i p\u00ebrket abuzimit me tenderat tek ARRSH.<\/p>\n<p>Nd\u00ebrkoh\u00eb q\u00eb t\u00eb dy kompanit\u00eb e tjera jan\u00eb skualifikuar nga ky tender me vler\u00eb 2 milion\u00eb euro dhe m\u00eb pas fitues jan\u00eb shpallur pik\u00ebrisht njer\u00ebzit e Ervis Berberit, por edhe njer\u00ebzit e af\u00ebrt t\u00eb Belinda Ballukut.<\/p>\n<p>E b\u00ebra k\u00ebt\u00eb parantez\u00eb sepse dua t\u00eb them se \u00e7\u00ebshtja nuk ka lindur posa\u00e7\u00ebrisht p\u00ebr t\u2019u hetuar kjo kontrat\u00eb; \u00e7\u00ebshtja ka lindur p\u00ebr t\u00eb hetuar m\u00ebnyr\u00ebn e formalizimit t\u00eb tenderave n\u00eb ARRSH nga disa zyrtar\u00eb dhe drejtor\u00eb t\u00eb k\u00ebsaj drejtorie.<\/p>\n<p>N\u00eb momentin kur SPAK ka shkuar dhe ka kryer veprime hetimore ndaj k\u00ebtyre subjekteve, qoft\u00eb nga Valter Begaj, Ervis Berberi dhe zot\u00ebrinj t\u00eb tjer\u00eb, t\u00eb cil\u00ebt tashm\u00eb jan\u00eb t\u00eb pandehur, n\u00eb banes\u00ebn e Ervis Berberit jan\u00eb sekuestruar 4 aparate telefoni.<\/p>\n<p>T\u00eb kat\u00ebr k\u00ebto aparate telefoni jan\u00eb k\u00ebqyrur dhe ekspertuar elektronikisht p\u00ebr llogari t\u00eb k\u00ebtij procedimi t\u00eb par\u00eb, por n\u00eb fakt, pas verifikimit t\u00eb mesazheve q\u00eb ka kryer Ervis Berberi me Belinda Ballukun dhe zyrtar\u00eb t\u00eb tjer\u00eb, an\u00ebtar\u00eb t\u00eb komisionit t\u00eb vler\u00ebsimit t\u00eb ofertave, rezultoi q\u00eb ishte paracaktuar edhe ky tender tjet\u00ebr dhe kjo kontrat\u00eb me 2 milion\u00eb euro.<\/p>\n<p>Dhe n\u00eb k\u00ebto kushte, paralelisht me hetimin e par\u00eb, u nda nj\u00eb hetim i dyt\u00eb. Ka nj\u00eb zgjerim t\u00eb hetimeve p\u00ebr nj\u00eb episod tjet\u00ebr t\u00eb korrupsionit.<br \/>\nNga biseda e Berberit me Belinda Ballukun ka rezultuar q\u00eb ky tender \u00ebsht\u00eb paracaktuar dhe e gjith\u00eb procedura e komisionit t\u00eb vler\u00ebsimit t\u00eb ofertave n\u00eb ARRSH ka qen\u00eb totalisht fiktive, pasi gjith\u00e7ka \u00ebsht\u00eb trukuar p\u00ebrmes negocimit q\u00eb k\u00ebto zyrtar\u00eb t\u00eb lart\u00eb kan\u00eb b\u00ebr\u00eb me nj\u00ebri-tjetrin, prandaj dhe Balluku sot \u00ebsht\u00eb n\u00eb k\u00ebt\u00eb gjendje juridike, sa i p\u00ebrket akuz\u00ebs q\u00eb pritet t\u2019i b\u00ebhet jav\u00ebn e ardhshme.<\/p>\n<p>Duke qen\u00eb q\u00eb tenderi \u00ebsht\u00eb zhvilluar n\u00eb dhjetor t\u00eb vitit 2021, nga momenti q\u00eb \u00ebsht\u00eb kryer vepra penale deri n\u00eb momentin ku jemi sot, jemi n\u00eb limitin kohor t\u00eb hetimit t\u00eb nj\u00eb dosjeje dhe komunikimit t\u00eb akuzave.<br \/>\nN\u00ebse nuk merren masa brenda nj\u00eb afati 5-vje\u00e7ar, at\u00ebher\u00eb vepra penale parashkruhet dhe automatikisht t\u2019i amnistohet, p\u00ebrmes afatit, sepse \u00e7do vep\u00ebr penale ka nj\u00eb afat q\u00eb hetohet<em>.<\/em><\/p>\n","protected":false},"excerpt":{"rendered":"<p>Elton QYNO Sigurisht q\u00eb ky \u00ebsht\u00eb nj\u00eb lajm, p\u00ebr faktin se SPAK jo vet\u00ebm ka arritur tek niveli i z\u00ebvend\u00ebskryeministres n\u00eb detyr\u00eb, zonj\u00ebs Belinda Balluku, por p\u00ebrb\u00ebn lajm dhe interes jo vet\u00ebm p\u00ebr t\u00eb p\u00ebrgjithsh\u00ebm, por edhe t\u00eb ve\u00e7ant\u00eb p\u00ebr publikun p\u00ebr sa i p\u00ebrket \u00e7\u00ebshtjes p\u00ebr t\u00eb cil\u00ebn Balluku \u00ebsht\u00eb hetuar dhe q\u00eb s\u00eb &hellip;<\/p>\n","protected":false},"author":3,"featured_media":126512,"comment_status":"closed","ping_status":"closed","sticky":false,"template":"","format":"standard","meta":{"footnotes":""},"categories":[37],"tags":[],"class_list":["post-126511","post","type-post","status-publish","format-standard","has-post-thumbnail","","category-politike"],"_links":{"self":[{"href":"https:\/\/rdnews.al\/index.php\/wp-json\/wp\/v2\/posts\/126511","targetHints":{"allow":["GET"]}}],"collection":[{"href":"https:\/\/rdnews.al\/index.php\/wp-json\/wp\/v2\/posts"}],"about":[{"href":"https:\/\/rdnews.al\/index.php\/wp-json\/wp\/v2\/types\/post"}],"author":[{"embeddable":true,"href":"https:\/\/rdnews.al\/index.php\/wp-json\/wp\/v2\/users\/3"}],"replies":[{"embeddable":true,"href":"https:\/\/rdnews.al\/index.php\/wp-json\/wp\/v2\/comments?post=126511"}],"version-history":[{"count":1,"href":"https:\/\/rdnews.al\/index.php\/wp-json\/wp\/v2\/posts\/126511\/revisions"}],"predecessor-version":[{"id":126513,"href":"https:\/\/rdnews.al\/index.php\/wp-json\/wp\/v2\/posts\/126511\/revisions\/126513"}],"wp:featuredmedia":[{"embeddable":true,"href":"https:\/\/rdnews.al\/index.php\/wp-json\/wp\/v2\/media\/126512"}],"wp:attachment":[{"href":"https:\/\/rdnews.al\/index.php\/wp-json\/wp\/v2\/media?parent=126511"}],"wp:term":[{"taxonomy":"category","embeddable":true,"href":"https:\/\/rdnews.al\/index.php\/wp-json\/wp\/v2\/categories?post=126511"},{"taxonomy":"post_tag","embeddable":true,"href":"https:\/\/rdnews.al\/index.php\/wp-json\/wp\/v2\/tags?post=126511"}],"curies":[{"name":"wp","href":"https:\/\/api.w.org\/{rel}","templated":true}]}}