{"id":126652,"date":"2025-10-27T12:56:26","date_gmt":"2025-10-27T12:56:26","guid":{"rendered":"https:\/\/rdnews.al\/?p=126652"},"modified":"2025-10-27T12:56:26","modified_gmt":"2025-10-27T12:56:26","slug":"berisha-i-keni-hequr-cdo-kompetence-prokurorit-te-pergjithshem-dhe-tani-lexoni-nje-rezolute-qe-eshte-nje-nekrologji-per-reformen","status":"publish","type":"post","link":"https:\/\/rdnews.al\/index.php\/2025\/10\/27\/berisha-i-keni-hequr-cdo-kompetence-prokurorit-te-pergjithshem-dhe-tani-lexoni-nje-rezolute-qe-eshte-nje-nekrologji-per-reformen\/","title":{"rendered":"Berisha: I keni hequr \u00e7do kompetenc\u00eb Prokurorit t\u00eb P\u00ebrgjithsh\u00ebm dhe tani lexoni nj\u00eb rezolut\u00eb q\u00eb \u00ebsht\u00eb nj\u00eb nekrologji p\u00ebr reform\u00ebn"},"content":{"rendered":"<p>Kryetari i PD, Sali Berisha tha gjat\u00eb fjal\u00ebs s\u00eb tij n\u00eb Kuvend se, i keni hequr \u00e7do kompetenc\u00eb Prokurorit t\u00eb P\u00ebrgjithsh\u00ebm dhe tani lexoni nj\u00eb rezolut\u00eb q\u00eb \u00ebsht\u00eb nj\u00eb nekrologji p\u00ebr reform\u00ebn.<br \/>\n\u201cFtoj \u00e7do deputet n\u00eb k\u00ebt\u00eb sall\u00eb t\u00eb hap\u00eb Kushtetut\u00ebn.<br \/>\nDhe n\u00eb qoft\u00eb se lexoni Kushtetut\u00ebn, ai zot\u00ebri, nuk ka n\u00eb m\u00ebnyr\u00eb absolute asnj\u00eb tag\u00ebr n\u00eb Kushtetut\u00eb p\u00ebr ato q\u00eb i thoni ju rezolut\u00eb.<br \/>\nSe e kan\u00eb zhveshur nga \u00e7do lloj kompetence, t\u00eb jemi t\u00eb v\u00ebrtet\u00eb, dhe e th\u00ebrrasin sikur t\u00eb ishte me Kushtetut\u00ebn e vjet\u00ebr.<br \/>\nJu lexuat nj\u00eb rezolut\u00eb me seri nenesh duke shtruar k\u00ebrkesa, t\u00eb cilat Kushtetuta dhe ligji nuk ia njeh asnj\u00eb atij.<br \/>\nPrandaj dhe pse e ngrita k\u00ebt\u00eb?<br \/>\nAi nuk ka p\u00ebrgjegj\u00ebsi, se ai ka ardhur n\u00eb parlament p\u00ebr t\u00eb referuar.<br \/>\nPor k\u00ebt\u00eb e ngrita p\u00ebr shkall\u00ebn e lart\u00eb t\u00eb pap\u00ebrgjegjshm\u00ebris\u00eb q\u00eb d\u00ebshmohet.<br \/>\nNuk ka asnj\u00eb lidhje me parlamentin.<br \/>\nNuk ka asnj\u00eb fuqi mbi prokuror\u00ebt se ia ka KLP-ja.<br \/>\n\u00cbsht\u00eb, sipas k\u00ebtij libri, p\u00ebrfaq\u00ebsues n\u00eb marr\u00ebdh\u00ebnie nd\u00ebrkomb\u00ebtare i shtetit shqiptar si prokuror.<br \/>\nKaq.<br \/>\nPrandaj t\u00eb mos b\u00ebjm\u00eb gj\u00ebra t\u00eb tilla.<br \/>\nT\u00eb mos b\u00ebjm\u00eb gj\u00ebra t\u00eb tilla!<br \/>\nI keni hequr \u00e7do kompetenc\u00eb dhe tani lexoni nj\u00eb rezolut\u00eb, e cila n\u00eb fakt \u00ebsht\u00eb nj\u00eb nekrologji, jo p\u00ebr personin, por p\u00ebr Prokurorin e P\u00ebrgjithsh\u00ebm.<br \/>\nP\u00ebr reform\u00ebn.<br \/>\nKjo \u00ebsht\u00eb e v\u00ebrteta.<br \/>\nT\u00eb pakt\u00ebn, kur vini n\u00eb parlament, kur zgjidheni, lexojeni Kushtetut\u00ebn se do u ndihmoj\u00eb\u201d, tha Berisha.<\/p>\n","protected":false},"excerpt":{"rendered":"<p>Kryetari i PD, Sali Berisha tha gjat\u00eb fjal\u00ebs s\u00eb tij n\u00eb Kuvend se, i keni hequr \u00e7do kompetenc\u00eb Prokurorit t\u00eb P\u00ebrgjithsh\u00ebm dhe tani lexoni nj\u00eb rezolut\u00eb q\u00eb \u00ebsht\u00eb nj\u00eb nekrologji p\u00ebr reform\u00ebn. \u201cFtoj \u00e7do deputet n\u00eb k\u00ebt\u00eb sall\u00eb t\u00eb hap\u00eb Kushtetut\u00ebn. Dhe n\u00eb qoft\u00eb se lexoni Kushtetut\u00ebn, ai zot\u00ebri, nuk ka n\u00eb m\u00ebnyr\u00eb absolute asnj\u00eb &hellip;<\/p>\n","protected":false},"author":4,"featured_media":126622,"comment_status":"closed","ping_status":"closed","sticky":false,"template":"","format":"standard","meta":{"footnotes":""},"categories":[37],"tags":[],"class_list":["post-126652","post","type-post","status-publish","format-standard","has-post-thumbnail","","category-politike"],"_links":{"self":[{"href":"https:\/\/rdnews.al\/index.php\/wp-json\/wp\/v2\/posts\/126652","targetHints":{"allow":["GET"]}}],"collection":[{"href":"https:\/\/rdnews.al\/index.php\/wp-json\/wp\/v2\/posts"}],"about":[{"href":"https:\/\/rdnews.al\/index.php\/wp-json\/wp\/v2\/types\/post"}],"author":[{"embeddable":true,"href":"https:\/\/rdnews.al\/index.php\/wp-json\/wp\/v2\/users\/4"}],"replies":[{"embeddable":true,"href":"https:\/\/rdnews.al\/index.php\/wp-json\/wp\/v2\/comments?post=126652"}],"version-history":[{"count":1,"href":"https:\/\/rdnews.al\/index.php\/wp-json\/wp\/v2\/posts\/126652\/revisions"}],"predecessor-version":[{"id":126653,"href":"https:\/\/rdnews.al\/index.php\/wp-json\/wp\/v2\/posts\/126652\/revisions\/126653"}],"wp:featuredmedia":[{"embeddable":true,"href":"https:\/\/rdnews.al\/index.php\/wp-json\/wp\/v2\/media\/126622"}],"wp:attachment":[{"href":"https:\/\/rdnews.al\/index.php\/wp-json\/wp\/v2\/media?parent=126652"}],"wp:term":[{"taxonomy":"category","embeddable":true,"href":"https:\/\/rdnews.al\/index.php\/wp-json\/wp\/v2\/categories?post=126652"},{"taxonomy":"post_tag","embeddable":true,"href":"https:\/\/rdnews.al\/index.php\/wp-json\/wp\/v2\/tags?post=126652"}],"curies":[{"name":"wp","href":"https:\/\/api.w.org\/{rel}","templated":true}]}}