{"id":126668,"date":"2025-10-27T17:40:09","date_gmt":"2025-10-27T17:40:09","guid":{"rendered":"https:\/\/rdnews.al\/?p=126668"},"modified":"2025-10-27T17:40:09","modified_gmt":"2025-10-27T17:40:09","slug":"spak-i-perserit-flete-thirjen-ballukut-paraqitu-se-bashku-me-avokatin-brenda-javes","status":"publish","type":"post","link":"https:\/\/rdnews.al\/index.php\/2025\/10\/27\/spak-i-perserit-flete-thirjen-ballukut-paraqitu-se-bashku-me-avokatin-brenda-javes\/","title":{"rendered":"SPAK i p\u00ebrs\u00ebrit flet\u00eb-thirjen Ballukut: Paraqitu s\u00eb bashku me avokatin brenda jav\u00ebs!"},"content":{"rendered":"<p>N\u00eb kushtet kur zv\/kryeministria e vendit Belinda Balluku, nuk ka pranuar t\u00eb shkoj\u00eb sot n\u00eb ambjentet e SPAK, p\u00ebr tu njohur me akuz\u00ebn zyrtare,m\u00ebsohet se prokuroria i ka rip\u00ebrs\u00ebritur flet\u00eb-thirjen.<\/p>\n<p>L\u00ebvizja \u00ebsht\u00eb b\u00ebr\u00eb nga prokurori i \u00e7\u00ebshtjes, Dritan Pren\u00e7i, i cili pavar\u00ebsisht komunikimit me avokatin mbrojt\u00ebs t\u00eb Belinda Ballukut, p\u00ebr mosprezenc\u00ebn e saj k\u00ebt\u00eb t\u00eb h\u00ebn\u00eb, Pren\u00e7i ka zgjedhur komunikimin me rrug\u00eb ligjore, duke rinjoftuar Belinda Ballukun t\u00eb paraqitet n\u00eb SPAK.<\/p>\n<p>Si\u00e7 raporton gazetari Elton Qyno, Flet\u00eb-Thirja tashm\u00eb \u00ebsht\u00eb p\u00ebrs\u00ebritur duke u d\u00ebrguar n\u00eb adres\u00ebn e Ministris\u00eb s\u00eb Infrastruktur\u00ebs dhe Energjis\u00eb.<\/p>\n<p>N\u00eb flet\u00eb-thirjen e dyt\u00eb prokurori Pren\u00e7i, i kujton Belinda Ballukut, t\u00eb paraqitet n\u00eb nj\u00ebr\u00ebn nga dit\u00ebt e k\u00ebsaj jave me avokat.<\/p>\n<p>Nd\u00ebrkoh\u00eb i kujtohet fakti se n\u00ebse Belinda Balluku, nuk paraqitet vullnetarisht, ndaj saj do meren masa p\u00ebr shoq\u00ebrimin forc\u00ebrisht n\u00eb prokurorin\u00eb e posa\u00e7me SPAK.<\/p>\n<p>Tashm\u00eb Belinda Balluku \u00ebsht\u00eb v\u00ebn\u00eb zyrtarisht n\u00ebn hetim dhe pritet q\u00eb n\u00eb dit\u00ebt n\u00eb vijim asaj ti komunikohet akuza e Shkeljes s\u00eb pabarazis\u00eb n\u00eb tenderat publik\u00eb.<\/p>\n","protected":false},"excerpt":{"rendered":"<p>N\u00eb kushtet kur zv\/kryeministria e vendit Belinda Balluku, nuk ka pranuar t\u00eb shkoj\u00eb sot n\u00eb ambjentet e SPAK, p\u00ebr tu njohur me akuz\u00ebn zyrtare,m\u00ebsohet se prokuroria i ka rip\u00ebrs\u00ebritur flet\u00eb-thirjen. L\u00ebvizja \u00ebsht\u00eb b\u00ebr\u00eb nga prokurori i \u00e7\u00ebshtjes, Dritan Pren\u00e7i, i cili pavar\u00ebsisht komunikimit me avokatin mbrojt\u00ebs t\u00eb Belinda Ballukut, p\u00ebr mosprezenc\u00ebn e saj k\u00ebt\u00eb t\u00eb &hellip;<\/p>\n","protected":false},"author":4,"featured_media":126525,"comment_status":"closed","ping_status":"closed","sticky":false,"template":"","format":"standard","meta":{"footnotes":""},"categories":[37],"tags":[],"class_list":["post-126668","post","type-post","status-publish","format-standard","has-post-thumbnail","","category-politike"],"_links":{"self":[{"href":"https:\/\/rdnews.al\/index.php\/wp-json\/wp\/v2\/posts\/126668","targetHints":{"allow":["GET"]}}],"collection":[{"href":"https:\/\/rdnews.al\/index.php\/wp-json\/wp\/v2\/posts"}],"about":[{"href":"https:\/\/rdnews.al\/index.php\/wp-json\/wp\/v2\/types\/post"}],"author":[{"embeddable":true,"href":"https:\/\/rdnews.al\/index.php\/wp-json\/wp\/v2\/users\/4"}],"replies":[{"embeddable":true,"href":"https:\/\/rdnews.al\/index.php\/wp-json\/wp\/v2\/comments?post=126668"}],"version-history":[{"count":1,"href":"https:\/\/rdnews.al\/index.php\/wp-json\/wp\/v2\/posts\/126668\/revisions"}],"predecessor-version":[{"id":126669,"href":"https:\/\/rdnews.al\/index.php\/wp-json\/wp\/v2\/posts\/126668\/revisions\/126669"}],"wp:featuredmedia":[{"embeddable":true,"href":"https:\/\/rdnews.al\/index.php\/wp-json\/wp\/v2\/media\/126525"}],"wp:attachment":[{"href":"https:\/\/rdnews.al\/index.php\/wp-json\/wp\/v2\/media?parent=126668"}],"wp:term":[{"taxonomy":"category","embeddable":true,"href":"https:\/\/rdnews.al\/index.php\/wp-json\/wp\/v2\/categories?post=126668"},{"taxonomy":"post_tag","embeddable":true,"href":"https:\/\/rdnews.al\/index.php\/wp-json\/wp\/v2\/tags?post=126668"}],"curies":[{"name":"wp","href":"https:\/\/api.w.org\/{rel}","templated":true}]}}