{"id":126670,"date":"2025-10-27T17:44:06","date_gmt":"2025-10-27T17:44:06","guid":{"rendered":"https:\/\/rdnews.al\/?p=126670"},"modified":"2025-10-27T17:44:06","modified_gmt":"2025-10-27T17:44:06","slug":"dumani-ne-kuvend-spak-nen-presion-nga-krimi-i-organizuar","status":"publish","type":"post","link":"https:\/\/rdnews.al\/index.php\/2025\/10\/27\/dumani-ne-kuvend-spak-nen-presion-nga-krimi-i-organizuar\/","title":{"rendered":"Dumani n\u00eb Kuvend: SPAK n\u00ebn presion nga krimi i organizuar!"},"content":{"rendered":"<p>Kreu i SPAK, Altin Dumani, raportoi sot n\u00eb Kuvend p\u00ebr problematikat q\u00eb ndodhen aktualisht n\u00eb funksionimin e Prokuroris\u00eb s\u00eb Posa\u00e7me, duke p\u00ebrmendur presionin e jasht\u00ebm dhe \u00e7\u00ebshtje ligjore t\u00eb pazgjidhura.<\/p>\n<p>Dumani tha se SPAK \u00ebsht\u00eb n\u00ebn presion nga krimi i organizuar, aktor\u00eb politik\u00eb dhe mediatik, q\u00eb sipas tij mund t\u00eb ndikoj\u00eb n\u00eb pavar\u00ebsin\u00eb dhe efektivitetin e hetimeve, si dhe n\u00eb integritetin e prokuror\u00ebve.<\/p>\n<p>Ai gjithashtu p\u00ebrmendi edhe nj\u00eb her\u00eb munges\u00ebn e p\u00ebrcaktimit t\u00eb qart\u00eb ligjor p\u00ebr statusin e prokuror\u00ebve t\u00eb posa\u00e7\u00ebm pas p\u00ebrfundimit t\u00eb mandatit, gj\u00eb q\u00eb sipas SPAK mund t\u00eb ndikoj\u00eb n\u00eb vijim\u00ebsin\u00eb e hetimeve.<\/p>\n<p>\u201cNd\u00ebrkoh\u00eb jan\u00eb shfaqur edhe disa problematika t\u00eb tjera, t\u00eb cilat s\u00eb bashku paraqiten, si m\u00eb posht\u00eb:<\/p>\n<p>Presioni i jasht\u00ebm ndaj SPAK nga krimi i organizuar, aktor\u00eb politik\u00eb dhe mediatik, i cili cenon pavar\u00ebsin\u00eb e tij kushtetuese dhe efektivitetin n\u00eb hetime. Nd\u00ebrhyrjet e jashtme rrezikojn\u00eb gjithashtu, integritetin e prokuror\u00ebve dhe t\u00eb procesit hetimor. P\u00ebr t\u00eb garantuar pavar\u00ebsin\u00eb e SPAK- ut, si dhe mb\u00ebshtetje p\u00ebr prokuror\u00ebt n\u00eb \u00e7\u00ebshtje t\u00eb ndjeshme, nevojitet nj\u00eb reagim m\u00eb i koordinuar dhe n\u00eb koh\u00eb i t\u00eb gjitha institucioneve, t\u00eb cilat kan\u00eb p\u00ebrgjegj\u00ebsin\u00eb e mbrojtjes s\u00eb integritetit t\u00eb SPAK\u201d, \u00a0tha Dumani.<\/p>\n","protected":false},"excerpt":{"rendered":"<p>Kreu i SPAK, Altin Dumani, raportoi sot n\u00eb Kuvend p\u00ebr problematikat q\u00eb ndodhen aktualisht n\u00eb funksionimin e Prokuroris\u00eb s\u00eb Posa\u00e7me, duke p\u00ebrmendur presionin e jasht\u00ebm dhe \u00e7\u00ebshtje ligjore t\u00eb pazgjidhura. Dumani tha se SPAK \u00ebsht\u00eb n\u00ebn presion nga krimi i organizuar, aktor\u00eb politik\u00eb dhe mediatik, q\u00eb sipas tij mund t\u00eb ndikoj\u00eb n\u00eb pavar\u00ebsin\u00eb dhe efektivitetin &hellip;<\/p>\n","protected":false},"author":4,"featured_media":126671,"comment_status":"closed","ping_status":"closed","sticky":false,"template":"","format":"standard","meta":{"footnotes":""},"categories":[37],"tags":[],"class_list":["post-126670","post","type-post","status-publish","format-standard","has-post-thumbnail","","category-politike"],"_links":{"self":[{"href":"https:\/\/rdnews.al\/index.php\/wp-json\/wp\/v2\/posts\/126670","targetHints":{"allow":["GET"]}}],"collection":[{"href":"https:\/\/rdnews.al\/index.php\/wp-json\/wp\/v2\/posts"}],"about":[{"href":"https:\/\/rdnews.al\/index.php\/wp-json\/wp\/v2\/types\/post"}],"author":[{"embeddable":true,"href":"https:\/\/rdnews.al\/index.php\/wp-json\/wp\/v2\/users\/4"}],"replies":[{"embeddable":true,"href":"https:\/\/rdnews.al\/index.php\/wp-json\/wp\/v2\/comments?post=126670"}],"version-history":[{"count":1,"href":"https:\/\/rdnews.al\/index.php\/wp-json\/wp\/v2\/posts\/126670\/revisions"}],"predecessor-version":[{"id":126672,"href":"https:\/\/rdnews.al\/index.php\/wp-json\/wp\/v2\/posts\/126670\/revisions\/126672"}],"wp:featuredmedia":[{"embeddable":true,"href":"https:\/\/rdnews.al\/index.php\/wp-json\/wp\/v2\/media\/126671"}],"wp:attachment":[{"href":"https:\/\/rdnews.al\/index.php\/wp-json\/wp\/v2\/media?parent=126670"}],"wp:term":[{"taxonomy":"category","embeddable":true,"href":"https:\/\/rdnews.al\/index.php\/wp-json\/wp\/v2\/categories?post=126670"},{"taxonomy":"post_tag","embeddable":true,"href":"https:\/\/rdnews.al\/index.php\/wp-json\/wp\/v2\/tags?post=126670"}],"curies":[{"name":"wp","href":"https:\/\/api.w.org\/{rel}","templated":true}]}}