{"id":126677,"date":"2025-10-27T18:14:35","date_gmt":"2025-10-27T18:14:35","guid":{"rendered":"https:\/\/rdnews.al\/?p=126677"},"modified":"2025-10-27T18:14:35","modified_gmt":"2025-10-27T18:14:35","slug":"dumani-irena-gjoka-po-hetohet-per-fshehje-te-denimeve-ne-greqi","status":"publish","type":"post","link":"https:\/\/rdnews.al\/index.php\/2025\/10\/27\/dumani-irena-gjoka-po-hetohet-per-fshehje-te-denimeve-ne-greqi\/","title":{"rendered":"Dumani: Irena Gjoka po hetohet p\u00ebr fshehje t\u00eb d\u00ebnimeve n\u00eb Greqi"},"content":{"rendered":"<p>Gjat\u00eb seanc\u00ebs s\u00eb pyetje-p\u00ebrgjigjeve n\u00eb Kuvend, deputet\u00ebt e opozit\u00ebs, Belind K\u00eblli\u00e7i dhe Elda Hoti, pyet\u00ebn p\u00ebr hetimet ndaj gjyqtares s\u00eb GJKKO, Irena Gjoka.<\/p>\n<p>Kreu i SPAK, Altin Dumani, u p\u00ebrgjigj se \u00e7\u00ebshtja \u00ebsht\u00eb regjistruar si hetim paraprak n\u00eb qershor 2025 dhe nuk mund t\u00eb jepen detaje t\u00eb tjera.<\/p>\n<p>\u201c\u00c7\u00ebshtja \u00ebsht\u00eb n\u00eb hetim paraprak dhe \u00ebsht\u00eb regjistruar si procedim penal n\u00eb vitin 2025. Hetimi \u00ebsht\u00eb n\u00eb vler\u00ebsim nga prokuroria p\u00ebr t\u00eb p\u00ebrcaktuar n\u00ebse ekziston vep\u00ebr penale dhe n\u00ebse do t\u00eb ngrihet akuza. Sa koh\u00eb q\u00eb \u00e7\u00ebshtja \u00ebsht\u00eb n\u00eb hetim, nuk mund t\u00eb jap asnj\u00eb shpjegim t\u00eb m\u00ebtejsh\u00ebm\u201d, tha Dumani.<\/p>\n","protected":false},"excerpt":{"rendered":"<p>Gjat\u00eb seanc\u00ebs s\u00eb pyetje-p\u00ebrgjigjeve n\u00eb Kuvend, deputet\u00ebt e opozit\u00ebs, Belind K\u00eblli\u00e7i dhe Elda Hoti, pyet\u00ebn p\u00ebr hetimet ndaj gjyqtares s\u00eb GJKKO, Irena Gjoka. Kreu i SPAK, Altin Dumani, u p\u00ebrgjigj se \u00e7\u00ebshtja \u00ebsht\u00eb regjistruar si hetim paraprak n\u00eb qershor 2025 dhe nuk mund t\u00eb jepen detaje t\u00eb tjera. \u201c\u00c7\u00ebshtja \u00ebsht\u00eb n\u00eb hetim paraprak dhe \u00ebsht\u00eb &hellip;<\/p>\n","protected":false},"author":4,"featured_media":118139,"comment_status":"closed","ping_status":"closed","sticky":false,"template":"","format":"standard","meta":{"footnotes":""},"categories":[37],"tags":[],"class_list":["post-126677","post","type-post","status-publish","format-standard","has-post-thumbnail","","category-politike"],"_links":{"self":[{"href":"https:\/\/rdnews.al\/index.php\/wp-json\/wp\/v2\/posts\/126677","targetHints":{"allow":["GET"]}}],"collection":[{"href":"https:\/\/rdnews.al\/index.php\/wp-json\/wp\/v2\/posts"}],"about":[{"href":"https:\/\/rdnews.al\/index.php\/wp-json\/wp\/v2\/types\/post"}],"author":[{"embeddable":true,"href":"https:\/\/rdnews.al\/index.php\/wp-json\/wp\/v2\/users\/4"}],"replies":[{"embeddable":true,"href":"https:\/\/rdnews.al\/index.php\/wp-json\/wp\/v2\/comments?post=126677"}],"version-history":[{"count":1,"href":"https:\/\/rdnews.al\/index.php\/wp-json\/wp\/v2\/posts\/126677\/revisions"}],"predecessor-version":[{"id":126678,"href":"https:\/\/rdnews.al\/index.php\/wp-json\/wp\/v2\/posts\/126677\/revisions\/126678"}],"wp:featuredmedia":[{"embeddable":true,"href":"https:\/\/rdnews.al\/index.php\/wp-json\/wp\/v2\/media\/118139"}],"wp:attachment":[{"href":"https:\/\/rdnews.al\/index.php\/wp-json\/wp\/v2\/media?parent=126677"}],"wp:term":[{"taxonomy":"category","embeddable":true,"href":"https:\/\/rdnews.al\/index.php\/wp-json\/wp\/v2\/categories?post=126677"},{"taxonomy":"post_tag","embeddable":true,"href":"https:\/\/rdnews.al\/index.php\/wp-json\/wp\/v2\/tags?post=126677"}],"curies":[{"name":"wp","href":"https:\/\/api.w.org\/{rel}","templated":true}]}}