{"id":126679,"date":"2025-10-27T18:18:59","date_gmt":"2025-10-27T18:18:59","guid":{"rendered":"https:\/\/rdnews.al\/?p=126679"},"modified":"2025-10-27T18:18:59","modified_gmt":"2025-10-27T18:18:59","slug":"pse-nuk-hetohet-frida-krifca-per-parate-e-ipard-dumani-jemi-te-kushtezuar-nga-autoritetet-e-huaja","status":"publish","type":"post","link":"https:\/\/rdnews.al\/index.php\/2025\/10\/27\/pse-nuk-hetohet-frida-krifca-per-parate-e-ipard-dumani-jemi-te-kushtezuar-nga-autoritetet-e-huaja\/","title":{"rendered":"Pse nuk hetohet Frida Krifca p\u00ebr parat\u00eb e IPARD? Dumani: Jemi t\u00eb kusht\u00ebzuar nga autoritetet e huaja"},"content":{"rendered":"<p>Altin Dumani, gjat\u00eb raportimi n\u00eb Kuvend \u00ebsht\u00eb pyetur dhe n\u00eb lidhje me hetimet p\u00ebr fondet IPARD, ku tha se jan\u00eb n\u00eb faz\u00ebn e hetimit paraprak.<\/p>\n<p>I pyetur se pse nuk hetoohet ish-ministrja dhe ish-drejtuesja e AZHBR-s\u00eb, Frida Krifca, kreu i SPAK tha se \u00e7do person q\u00eb ka shkelur ligjin do t\u00eb hetohet, por shtoi se hetimet jan\u00eb t\u00eb kusht\u00ebzuara nga veprimet e autoriteve t\u00eb huaja.<\/p>\n<p><strong>\u2013A ka procedim penal p\u00ebr IPARD?<\/strong><\/p>\n<p>Altin Dumani: SPAK ka regjistruar nj\u00eb procedim penal p\u00ebr IPARD. \u00c7\u00ebshtja \u00ebsht\u00eb n\u00eb hetim, po bashk\u00ebpunohet ngusht\u00eb me OLAF.<\/p>\n<p><strong>-Pse nuk hetohet Frida Krifca?<\/strong><\/p>\n<p>Altin Dumani: T\u00eb garantoj q\u00eb do hetohet \u00e7do person q\u00eb dyshohet se gjat\u00eb detyr\u00ebs ka kryer veprime t\u00eb kund\u00ebrligjshme. Kusht\u00ebzohemi nga veprimet e autoriteteve t\u00eb huaja.<\/p>\n<p><strong>-Pse nuk ka asnj\u00eb reagim publik n\u00eb rastin e Krifc\u00ebs, nd\u00ebrsa kur p\u00ebrfshihet opozita ka reagim publik?<\/strong><\/p>\n<p>Altin Dumani: Ky \u00ebsht\u00eb nj\u00eb vler\u00ebsim i juaji, jemi t\u00eb ftoht\u00eb n\u00eb hetimin e \u00e7\u00ebshtjeve penale. Nuk na intereson nga cili kamp politik. Lidhur me IPARD, jemi n\u00eb faz\u00ebn e hetimeve paraprake.<\/p>\n","protected":false},"excerpt":{"rendered":"<p>Altin Dumani, gjat\u00eb raportimi n\u00eb Kuvend \u00ebsht\u00eb pyetur dhe n\u00eb lidhje me hetimet p\u00ebr fondet IPARD, ku tha se jan\u00eb n\u00eb faz\u00ebn e hetimit paraprak. I pyetur se pse nuk hetoohet ish-ministrja dhe ish-drejtuesja e AZHBR-s\u00eb, Frida Krifca, kreu i SPAK tha se \u00e7do person q\u00eb ka shkelur ligjin do t\u00eb hetohet, por shtoi se &hellip;<\/p>\n","protected":false},"author":4,"featured_media":92646,"comment_status":"closed","ping_status":"closed","sticky":false,"template":"","format":"standard","meta":{"footnotes":""},"categories":[37],"tags":[],"class_list":["post-126679","post","type-post","status-publish","format-standard","has-post-thumbnail","","category-politike"],"_links":{"self":[{"href":"https:\/\/rdnews.al\/index.php\/wp-json\/wp\/v2\/posts\/126679","targetHints":{"allow":["GET"]}}],"collection":[{"href":"https:\/\/rdnews.al\/index.php\/wp-json\/wp\/v2\/posts"}],"about":[{"href":"https:\/\/rdnews.al\/index.php\/wp-json\/wp\/v2\/types\/post"}],"author":[{"embeddable":true,"href":"https:\/\/rdnews.al\/index.php\/wp-json\/wp\/v2\/users\/4"}],"replies":[{"embeddable":true,"href":"https:\/\/rdnews.al\/index.php\/wp-json\/wp\/v2\/comments?post=126679"}],"version-history":[{"count":1,"href":"https:\/\/rdnews.al\/index.php\/wp-json\/wp\/v2\/posts\/126679\/revisions"}],"predecessor-version":[{"id":126680,"href":"https:\/\/rdnews.al\/index.php\/wp-json\/wp\/v2\/posts\/126679\/revisions\/126680"}],"wp:featuredmedia":[{"embeddable":true,"href":"https:\/\/rdnews.al\/index.php\/wp-json\/wp\/v2\/media\/92646"}],"wp:attachment":[{"href":"https:\/\/rdnews.al\/index.php\/wp-json\/wp\/v2\/media?parent=126679"}],"wp:term":[{"taxonomy":"category","embeddable":true,"href":"https:\/\/rdnews.al\/index.php\/wp-json\/wp\/v2\/categories?post=126679"},{"taxonomy":"post_tag","embeddable":true,"href":"https:\/\/rdnews.al\/index.php\/wp-json\/wp\/v2\/tags?post=126679"}],"curies":[{"name":"wp","href":"https:\/\/api.w.org\/{rel}","templated":true}]}}