{"id":126686,"date":"2025-10-27T18:53:17","date_gmt":"2025-10-27T18:53:17","guid":{"rendered":"https:\/\/rdnews.al\/?p=126686"},"modified":"2025-10-27T18:53:17","modified_gmt":"2025-10-27T18:53:17","slug":"kellici-dumanit-firma-e-rames-po-mban-peng-dosjen-e-incineratoreve","status":"publish","type":"post","link":"https:\/\/rdnews.al\/index.php\/2025\/10\/27\/kellici-dumanit-firma-e-rames-po-mban-peng-dosjen-e-incineratoreve\/","title":{"rendered":"K\u00eblli\u00e7i-Dumanit: Firma e Ram\u00ebs po mban peng dosjen e incinerator\u00ebve!"},"content":{"rendered":"<p>Deputeti i PD, Belind K\u00eblli\u00e7i tha gjat\u00eb fjal\u00ebs s\u00eb tij n\u00eb Kuvend se, hetimet paraprake p\u00ebr dosjen e inceneratorit t\u00eb Tiran\u00ebs kan\u00eb hyr\u00eb n\u00eb vitin e pest\u00eb, duke tejkaluar \u00e7do afat procedural. Ai tha se, ky rast p\u00ebrb\u00ebn nj\u00eb precedent t\u00eb tmerrsh\u00ebm t\u00eb kapjes s\u00eb Prokuroris\u00eb s\u00eb Posa\u00e7me.<\/p>\n<p>Deputeti pretendoi se arsyeja e v\u00ebrtet\u00eb e bllokimit t\u00eb hetimeve, lidhet me nj\u00eb dokument t\u00eb firmosur nga vet\u00eb kryeministri Edi Rama, p\u00ebr nj\u00eb bonus prej 8% t\u00eb pik\u00ebsh, i cili, sipas K\u00eblli\u00e7it, i hapi rrug\u00ebn koncesionit edhe pse kompania fituese nuk ekzistonte n\u00eb momentin e dh\u00ebnies s\u00eb tij.<\/p>\n<p>\u201cZoti kryetar, do t\u00eb doja q\u00eb drejtuesi i Prokuroris\u00eb s\u00eb Posa\u00e7me t\u00eb q\u00ebndronte n\u00eb kuvend p\u00ebr t\u00eb d\u00ebgjuar edhe komentet e deputet\u00ebve t\u00eb opozit\u00ebs. E p\u00ebrmendi disa her\u00eb \u00e7\u00ebshtjen e afateve procedurale dhe meq\u00eb e ka merak \u00e7\u00ebshtjen e afateve procedurale, ja rikujtojm\u00eb q\u00eb dosja e inceneratorit t\u00eb Tiran\u00ebs ka tejkaluar tashm\u00eb vitin e pest\u00eb t\u00eb hetimeve paraprake. Meq\u00eb flasim p\u00ebr afate procedurale, \u00ebsht\u00eb nj\u00eb precedent i tmerrsh\u00ebm i kapjes s\u00eb Prokuroris\u00eb s\u00eb Posa\u00e7me dhe mos hetimit t\u00eb k\u00ebsaj \u00e7\u00ebshtjeje, q\u00eb \u00ebsht\u00eb nj\u00eb \u00e7\u00ebshtje korruptive e gjith\u00ebpranuar bot\u00ebrisht tashm\u00eb, e cila ka nj\u00eb kle\u00e7k\u00eb.<\/p>\n<p>Ka k\u00ebt\u00eb dokument, bonusin 8% t\u00eb pik\u00ebve t\u00eb firmosur nga kryeministri piktor Edi Rama, nj\u00eb nd\u00ebr t\u00eb paktat firma q\u00eb ka firmosur vet\u00eb Edi Rama, ku i ka hapur rrug\u00ebn k\u00ebtij koncesioni n\u00eb nj\u00eb moment q\u00eb kompania q\u00eb fitoi kontrat\u00ebn nuk ekzistonte. Kjo \u00ebsht\u00eb arsyeja se pse nuk hetohet kjo dosje dhe kjo \u00ebsht\u00eb arsyeja sepse luhet me afate procedurale. E nd\u00ebrkoh\u00eb p\u00ebr afate procedurale, \u00ebsht\u00eb nj\u00eb tender sot n\u00eb n\u00eb KESH q\u00eb po zhvillohet p\u00ebr blerje transformator\u00ebsh, q\u00eb n\u00ebse k\u00ebta shkojn\u00eb dhe hetojn\u00eb dit\u00ebn e sotme, ta nisin kryesisht k\u00ebt\u00eb hetim q\u00eb un\u00eb po ju them, do t\u00eb zbulojn\u00eb q\u00eb ai tender me nj\u00eb vler\u00eb prej 700.000 euro, n\u00ebse shkon nj\u00eb qytetar i zakonsh\u00ebm p\u00ebr t\u00eb bler\u00eb transformator\u00ebt me \u00e7mim tregu, i blen me 1\/10 me vet\u00ebm 70.000 euro.<\/p>\n<p>Nd\u00ebrkoh\u00eb, u p\u00ebrmend k\u00ebtu fondet e IPARD-it dhe raporti i OLAF-it, mjafton t&#8217;i kujtojm\u00eb se k\u00ebt\u00eb vit, shteti grek nxori raportin e e OLAF-it dhe arrestoi 37 zyrtar\u00eb. Nd\u00ebrkoh\u00eb n\u00eb shtetin shqiptar, ka dy vite q\u00eb ka dal\u00eb ky raport dhe nuk l\u00ebviz as majen e gishtit prokuroria e posa\u00e7me. E sa p\u00ebr t\u00eb folur p\u00ebr task-forc\u00ebn e SPAK-ut, \u00ebsht\u00eb d\u00ebshtimi dhe jo vet\u00ebm d\u00ebshtim, por \u00ebsht\u00eb alibia e masakr\u00ebs elektorale t\u00eb 11 majit.<\/p>\n<p>U p\u00ebrdor task-forca e SPAK-ut, e cila mua personalisht si drejtues politik, nuk m\u00eb \u00ebsht\u00eb p\u00ebrgjigjur n\u00eb telefon publikisht para mediave, i kam telefonuar dhe nuk funksiononte linja e gjelb\u00ebr. T\u00eb gjitha t\u00eb tjerat mbeten po n\u00eb kuadrin e \u00e7\u00ebshtjeve q\u00eb jan\u00eb n\u00eb hetim, pyetje e pap\u00ebrgjigje dhe thjesht faktohet ajo q\u00eb ne kemi koh\u00eb q\u00eb themi, q\u00eb ky organ \u00ebsht\u00eb kthyer n\u00eb pushk\u00eb godit\u00ebse ndaj kund\u00ebrshtarit politik t\u00eb Edi Ram\u00ebs\u201d, tha K\u00eblli\u00e7i.<\/p>\n","protected":false},"excerpt":{"rendered":"<p>Deputeti i PD, Belind K\u00eblli\u00e7i tha gjat\u00eb fjal\u00ebs s\u00eb tij n\u00eb Kuvend se, hetimet paraprake p\u00ebr dosjen e inceneratorit t\u00eb Tiran\u00ebs kan\u00eb hyr\u00eb n\u00eb vitin e pest\u00eb, duke tejkaluar \u00e7do afat procedural. Ai tha se, ky rast p\u00ebrb\u00ebn nj\u00eb precedent t\u00eb tmerrsh\u00ebm t\u00eb kapjes s\u00eb Prokuroris\u00eb s\u00eb Posa\u00e7me. Deputeti pretendoi se arsyeja e v\u00ebrtet\u00eb e &hellip;<\/p>\n","protected":false},"author":4,"featured_media":126687,"comment_status":"closed","ping_status":"closed","sticky":false,"template":"","format":"standard","meta":{"footnotes":""},"categories":[37],"tags":[],"class_list":["post-126686","post","type-post","status-publish","format-standard","has-post-thumbnail","","category-politike"],"_links":{"self":[{"href":"https:\/\/rdnews.al\/index.php\/wp-json\/wp\/v2\/posts\/126686","targetHints":{"allow":["GET"]}}],"collection":[{"href":"https:\/\/rdnews.al\/index.php\/wp-json\/wp\/v2\/posts"}],"about":[{"href":"https:\/\/rdnews.al\/index.php\/wp-json\/wp\/v2\/types\/post"}],"author":[{"embeddable":true,"href":"https:\/\/rdnews.al\/index.php\/wp-json\/wp\/v2\/users\/4"}],"replies":[{"embeddable":true,"href":"https:\/\/rdnews.al\/index.php\/wp-json\/wp\/v2\/comments?post=126686"}],"version-history":[{"count":1,"href":"https:\/\/rdnews.al\/index.php\/wp-json\/wp\/v2\/posts\/126686\/revisions"}],"predecessor-version":[{"id":126688,"href":"https:\/\/rdnews.al\/index.php\/wp-json\/wp\/v2\/posts\/126686\/revisions\/126688"}],"wp:featuredmedia":[{"embeddable":true,"href":"https:\/\/rdnews.al\/index.php\/wp-json\/wp\/v2\/media\/126687"}],"wp:attachment":[{"href":"https:\/\/rdnews.al\/index.php\/wp-json\/wp\/v2\/media?parent=126686"}],"wp:term":[{"taxonomy":"category","embeddable":true,"href":"https:\/\/rdnews.al\/index.php\/wp-json\/wp\/v2\/categories?post=126686"},{"taxonomy":"post_tag","embeddable":true,"href":"https:\/\/rdnews.al\/index.php\/wp-json\/wp\/v2\/tags?post=126686"}],"curies":[{"name":"wp","href":"https:\/\/api.w.org\/{rel}","templated":true}]}}