{"id":126689,"date":"2025-10-27T18:57:14","date_gmt":"2025-10-27T18:57:14","guid":{"rendered":"https:\/\/rdnews.al\/?p=126689"},"modified":"2025-10-27T18:57:14","modified_gmt":"2025-10-27T18:57:14","slug":"berisha-dumani-avokati-i-vjedhjeve-me-te-medha-te-vendit-1-miliard-euro-jane-vjedhur-nga-inceneratoret-dhe-pazari-i-rames-me-cez","status":"publish","type":"post","link":"https:\/\/rdnews.al\/index.php\/2025\/10\/27\/berisha-dumani-avokati-i-vjedhjeve-me-te-medha-te-vendit-1-miliard-euro-jane-vjedhur-nga-inceneratoret-dhe-pazari-i-rames-me-cez\/","title":{"rendered":"Berisha: Dumani, avokati i vjedhjeve m\u00eb t\u00eb m\u00ebdha t\u00eb vendit! 1 miliard euro jan\u00eb vjedhur nga incenerator\u00ebt dhe pazari i Ram\u00ebs me \u00c7EZ!"},"content":{"rendered":"<p>Kryetari i PD, Sali Berisha, gjat\u00eb fjal\u00ebs s\u00eb tij n\u00eb Kuvend u shpreh se qytetar\u00ebt shqiptar\u00eb po p\u00ebrballen me pasojat e nj\u00eb sistemi t\u00eb kapur nga abuzime dhe korrupsion t\u00eb pand\u00ebshkuar, ku drejt\u00ebsia shp\u00ebrfaqet si nj\u00eb mjet p\u00ebr t\u00eb mbrojtur elitat e pushtetit, nd\u00ebrkoh\u00eb q\u00eb qytetari i thjesht\u00eb paguan miliona euro p\u00ebr d\u00ebshtimet e qeveris\u00eb.<br \/>\nAi denoncoi mashtrimet dhe hetimet e pamjaftueshme, duke marr\u00eb shembull CEZ-in dhe incenerator\u00ebt, ku jan\u00eb humbur mbi 400 milion\u00eb euro pa asnj\u00eb p\u00ebrgjegj\u00ebsi, nd\u00ebrsa drejtori i avokatis\u00eb s\u00eb shtetit, Altin Dumani, u paraqit si mbrojt\u00ebs i k\u00ebtyre vjedhjeve masive.<br \/>\n\u201cT\u00eb dashur qytetar\u00eb dhe qytetare, ishte nj\u00eb rast unik n\u00eb jet\u00ebn tuaj p\u00ebr t\u00eb gjith\u00eb ata, n\u00eb jet\u00ebn e tyre q\u00eb ndoq\u00ebn k\u00ebt\u00eb seanc\u00eb se si pan\u00eb grupin e m\u00ebkatar\u00ebve t\u00eb strukur, t\u00eb p\u00ebrulur gjer n\u00eb dhe.<br \/>\nSe si e pan\u00eb avokatin\u00eb e shpifur q\u00eb iu b\u00eb k\u00ebtu nj\u00eb sistemi, i cili po penalizon m\u00eb shum\u00eb se cilindo tjet\u00ebr, qytetarin e thjesht\u00eb.<br \/>\nJu, avoket\u00ebrit e Dumanit, t\u00eb kapurit peng t\u00eb Edi Ram\u00ebs, nuk duhet t\u00eb harroni k\u00ebtu se p\u00ebr qytetar\u00ebt shqiptar\u00eb q\u00eb vet\u00ebm me CEZ-in kan\u00eb humbur 630 milion\u00eb euro, fatura t\u00eb certifikuara nga kompani nd\u00ebrkomb\u00ebtare, p\u00ebr shkak t\u00eb pazarit q\u00eb Edi Rama ka b\u00ebr\u00eb me kompanin\u00eb CEZ, nd\u00ebrkoh\u00eb q\u00eb arbitri nd\u00ebrkomb\u00ebtar i shkruante let\u00ebr dhe i thoshte zoti kryeminist\u00ebr mos b\u00ebj marr\u00ebveshje sepse qeveria shqiptare \u00ebsht\u00eb n\u00eb pozit\u00ebn e fituesit.<br \/>\nPor k\u00ebto i mbulon Dumani dhe duman\u00ebrit.<br \/>\nAi q\u00eb e p\u00ebson nga ky q\u00ebndrimi i tij dhe i tyre \u00ebsht\u00eb qytetari shqiptar, i cili pagoi sa qimet e kok\u00ebs 400 milion\u00eb euro p\u00ebr incenerator\u00ebt q\u00eb nuk kan\u00eb as nam as nishan sot.<br \/>\nDhe ai thot\u00eb se kam hetim paraprak pas kaq vitesh.<br \/>\nPo nuk mund t\u00eb b\u00ebhet m\u00eb i shpifur.<br \/>\nPo \u00e7far\u00eb hetimi paraprak mo?<br \/>\nJan\u00eb 400 milion\u00eb euro q\u00eb nuk ekzistojn\u00eb. Jan\u00eb 140 milion\u00eb p\u00ebr djeg\u00ebsin e Tiran\u00ebs, q\u00eb nuk ka as gjurm\u00eb, q\u00eb i kan\u00eb paguar njer\u00ebzit e varf\u00ebr, dhe ai thot\u00eb po vazhdojm\u00eb hetim paraprak.<br \/>\nNj\u00eb mashtrues ordiner q\u00eb del k\u00ebtu dhe p\u00ebrpiqet t\u00eb mbroj\u00eb nga flak\u00ebt e djeg\u00ebsve Edi Ram\u00ebn, kryeartikektin e tyre.<br \/>\nA e dini ju o qytetar\u00eb se kush \u00ebsht\u00eb d\u00ebnuar p\u00ebr djeg\u00ebsin e Tiran\u00ebs?<br \/>\n\u00cbsht\u00eb d\u00ebnuar Arben Ahmetaj q\u00eb e ka kund\u00ebrshtuar 5 her\u00eb me shkrim.<br \/>\nDhe u d\u00ebnua sepse u gjet\u00ebn pllakat e banjos. Dometh\u00ebn\u00eb 140 milion\u00eb euro kushtonin sa pllakat e banjos t\u00eb ish-bashk\u00ebshortes s\u00eb Arben Ahmetajt.<br \/>\nA e dini o qytetar\u00eb se t\u00eb marra s\u00eb bashku k\u00ebto b\u00ebjn\u00eb 1 miliard euro?<br \/>\nSe t\u00eb marra s\u00eb bashku b\u00ebjn\u00eb dyfishim pensionesh?<br \/>\nSe t\u00eb marra s\u00eb bashku b\u00ebjn\u00eb dyfishim rrogash.<br \/>\nNuk i ka vjedhur Altin Dumani k\u00ebto, por Altin Dumani \u00ebsht\u00eb b\u00ebr\u00eb avokat i vjedhjeve m\u00eb t\u00eb m\u00ebdha n\u00eb historin\u00eb e k\u00ebtij vendi\u201d, u shpreh Berisha.<\/p>\n","protected":false},"excerpt":{"rendered":"<p>Kryetari i PD, Sali Berisha, gjat\u00eb fjal\u00ebs s\u00eb tij n\u00eb Kuvend u shpreh se qytetar\u00ebt shqiptar\u00eb po p\u00ebrballen me pasojat e nj\u00eb sistemi t\u00eb kapur nga abuzime dhe korrupsion t\u00eb pand\u00ebshkuar, ku drejt\u00ebsia shp\u00ebrfaqet si nj\u00eb mjet p\u00ebr t\u00eb mbrojtur elitat e pushtetit, nd\u00ebrkoh\u00eb q\u00eb qytetari i thjesht\u00eb paguan miliona euro p\u00ebr d\u00ebshtimet e qeveris\u00eb. &hellip;<\/p>\n","protected":false},"author":4,"featured_media":115288,"comment_status":"closed","ping_status":"closed","sticky":false,"template":"","format":"standard","meta":{"footnotes":""},"categories":[37],"tags":[],"class_list":["post-126689","post","type-post","status-publish","format-standard","has-post-thumbnail","","category-politike"],"_links":{"self":[{"href":"https:\/\/rdnews.al\/index.php\/wp-json\/wp\/v2\/posts\/126689","targetHints":{"allow":["GET"]}}],"collection":[{"href":"https:\/\/rdnews.al\/index.php\/wp-json\/wp\/v2\/posts"}],"about":[{"href":"https:\/\/rdnews.al\/index.php\/wp-json\/wp\/v2\/types\/post"}],"author":[{"embeddable":true,"href":"https:\/\/rdnews.al\/index.php\/wp-json\/wp\/v2\/users\/4"}],"replies":[{"embeddable":true,"href":"https:\/\/rdnews.al\/index.php\/wp-json\/wp\/v2\/comments?post=126689"}],"version-history":[{"count":1,"href":"https:\/\/rdnews.al\/index.php\/wp-json\/wp\/v2\/posts\/126689\/revisions"}],"predecessor-version":[{"id":126690,"href":"https:\/\/rdnews.al\/index.php\/wp-json\/wp\/v2\/posts\/126689\/revisions\/126690"}],"wp:featuredmedia":[{"embeddable":true,"href":"https:\/\/rdnews.al\/index.php\/wp-json\/wp\/v2\/media\/115288"}],"wp:attachment":[{"href":"https:\/\/rdnews.al\/index.php\/wp-json\/wp\/v2\/media?parent=126689"}],"wp:term":[{"taxonomy":"category","embeddable":true,"href":"https:\/\/rdnews.al\/index.php\/wp-json\/wp\/v2\/categories?post=126689"},{"taxonomy":"post_tag","embeddable":true,"href":"https:\/\/rdnews.al\/index.php\/wp-json\/wp\/v2\/tags?post=126689"}],"curies":[{"name":"wp","href":"https:\/\/api.w.org\/{rel}","templated":true}]}}