{"id":126691,"date":"2025-10-27T18:59:21","date_gmt":"2025-10-27T18:59:21","guid":{"rendered":"https:\/\/rdnews.al\/?p=126691"},"modified":"2025-10-27T19:09:21","modified_gmt":"2025-10-27T19:09:21","slug":"afera-rama-mcgonigal-dumani-thote-se-vazhdon-prej-3-vitesh-hetim-parapral","status":"publish","type":"post","link":"https:\/\/rdnews.al\/index.php\/2025\/10\/27\/afera-rama-mcgonigal-dumani-thote-se-vazhdon-prej-3-vitesh-hetim-parapral\/","title":{"rendered":"Afera Rama-McGonigal\/ Dumani thot\u00eb se vazhdon prej 3 vitesh hetim paraprak"},"content":{"rendered":"<p>Kreu i SPAK, Altin Dumani, iu p\u00ebrgjigj pyetjes s\u00eb deputetit t\u00eb PL, Tedi Blushi n\u00eb lidhje me ecurin\u00eb e hetimeve p\u00ebr \u00e7\u00ebshtjen \u201cMcGonigal\u201d.<\/p>\n<p>\u201cHetim paraprak dhe nuk mund t\u00eb jap asnj\u00eb informacion dhe asnj\u00eb t\u00eb dh\u00ebn\u00eb\u201d, tha Dumani.<\/p>\n<p>Nd\u00ebrkoh\u00eb Blushi k\u00ebrkoi nga kryeprokurori i Posa\u00e7\u00ebm, se p\u00ebrse organi i posa\u00e7\u00ebm nuk kishte hetuar denoncimin p\u00ebr shp\u00ebrdorimin e detyr\u00ebs s\u00eb efektiv\u00ebve t\u00eb Policis\u00eb s\u00eb Shtetit, n\u00eb ekzekutimin e urdhrit t\u00eb Prokuroris\u00eb, duke e t\u00ebrhequr zvarr\u00eb apo rr\u00ebmbyer.<img loading=\"lazy\" decoding=\"async\" src=\"https:\/\/ads.balkanweb.com\/www\/delivery\/lg.php?bannerid=0&amp;campaignid=0&amp;zoneid=629&amp;loc=https%3A%2F%2Fwww.balkanweb.com%2Fceshtja-mcgonigal-ne-hetim-paraprak-dumani-i-pergjigjet-blushit-nuk-mund-te-jap-informacion%2F&amp;referer=https%3A%2F%2Fwww.balkanweb.com%2F&amp;cb=7905493e5a\" alt=\"\" width=\"0\" height=\"0\" \/><\/p>\n<p>\u201cP\u00ebrsa i p\u00ebrket pyetjes se p\u00ebrse nuk u hetuan polic\u00ebt q\u00eb zbatuan urdhrin e arrestit t\u00eb SPAK ndaj Ilir Met\u00ebs, e thash\u00eb, \u00ebsht\u00eb kompetenc\u00eb e Prokuroris\u00eb s\u00eb Juridiksionit Tiran\u00eb dhe jo e Prokuroris\u00eb s\u00eb Posa\u00e7me. Nuk ishte subjekt i SPAK-ut ai rast dhe ndaj nuk \u00ebsht\u00eb hetuar\u201d, tha Dumani shkurtimisht n\u00eb p\u00ebrgjigjen e tij.<\/p>\n","protected":false},"excerpt":{"rendered":"<p>Kreu i SPAK, Altin Dumani, iu p\u00ebrgjigj pyetjes s\u00eb deputetit t\u00eb PL, Tedi Blushi n\u00eb lidhje me ecurin\u00eb e hetimeve p\u00ebr \u00e7\u00ebshtjen \u201cMcGonigal\u201d. \u201cHetim paraprak dhe nuk mund t\u00eb jap asnj\u00eb informacion dhe asnj\u00eb t\u00eb dh\u00ebn\u00eb\u201d, tha Dumani. Nd\u00ebrkoh\u00eb Blushi k\u00ebrkoi nga kryeprokurori i Posa\u00e7\u00ebm, se p\u00ebrse organi i posa\u00e7\u00ebm nuk kishte hetuar denoncimin p\u00ebr &hellip;<\/p>\n","protected":false},"author":3,"featured_media":126692,"comment_status":"closed","ping_status":"closed","sticky":false,"template":"","format":"standard","meta":{"footnotes":""},"categories":[37],"tags":[],"class_list":["post-126691","post","type-post","status-publish","format-standard","has-post-thumbnail","","category-politike"],"_links":{"self":[{"href":"https:\/\/rdnews.al\/index.php\/wp-json\/wp\/v2\/posts\/126691","targetHints":{"allow":["GET"]}}],"collection":[{"href":"https:\/\/rdnews.al\/index.php\/wp-json\/wp\/v2\/posts"}],"about":[{"href":"https:\/\/rdnews.al\/index.php\/wp-json\/wp\/v2\/types\/post"}],"author":[{"embeddable":true,"href":"https:\/\/rdnews.al\/index.php\/wp-json\/wp\/v2\/users\/3"}],"replies":[{"embeddable":true,"href":"https:\/\/rdnews.al\/index.php\/wp-json\/wp\/v2\/comments?post=126691"}],"version-history":[{"count":3,"href":"https:\/\/rdnews.al\/index.php\/wp-json\/wp\/v2\/posts\/126691\/revisions"}],"predecessor-version":[{"id":126698,"href":"https:\/\/rdnews.al\/index.php\/wp-json\/wp\/v2\/posts\/126691\/revisions\/126698"}],"wp:featuredmedia":[{"embeddable":true,"href":"https:\/\/rdnews.al\/index.php\/wp-json\/wp\/v2\/media\/126692"}],"wp:attachment":[{"href":"https:\/\/rdnews.al\/index.php\/wp-json\/wp\/v2\/media?parent=126691"}],"wp:term":[{"taxonomy":"category","embeddable":true,"href":"https:\/\/rdnews.al\/index.php\/wp-json\/wp\/v2\/categories?post=126691"},{"taxonomy":"post_tag","embeddable":true,"href":"https:\/\/rdnews.al\/index.php\/wp-json\/wp\/v2\/tags?post=126691"}],"curies":[{"name":"wp","href":"https:\/\/api.w.org\/{rel}","templated":true}]}}