{"id":126694,"date":"2025-10-27T19:04:31","date_gmt":"2025-10-27T19:04:31","guid":{"rendered":"https:\/\/rdnews.al\/?p=126694"},"modified":"2025-10-27T19:04:31","modified_gmt":"2025-10-27T19:04:31","slug":"mcgonigal-dhe-takimi-i-arubes-berisha-as-maduro-nuk-ka-bere-dicka-te-tille-por-altin-troplini-eshte-avokati-privat-i-familjes-rama","status":"publish","type":"post","link":"https:\/\/rdnews.al\/index.php\/2025\/10\/27\/mcgonigal-dhe-takimi-i-arubes-berisha-as-maduro-nuk-ka-bere-dicka-te-tille-por-altin-troplini-eshte-avokati-privat-i-familjes-rama\/","title":{"rendered":"&#8220;McGonigal&#8221; dhe takimi i Arub\u00ebs\/ Berisha: As Maduro nuk ka b\u00ebr\u00eb di\u00e7ka t\u00eb till\u00eb, por Altin &#8220;Troplini&#8221; \u00ebsht\u00eb avokati privat i familjes Rama"},"content":{"rendered":"<p>Kryetari i PD, Sali Berisha, gjat\u00eb fjal\u00ebs n\u00eb parlament e akuzoi kreun e SPAK, Altin Dumani, e ka akuzuar k\u00ebt\u00eb t\u00eb fundit se mbron kryeministrin Edi Rama dhe se nuk heton aferat m\u00eb t\u00eb m\u00ebdha korruptive t\u00eb qeveris\u00eb.<\/p>\n<p>Berisha p\u00ebrmendi disa \u00e7\u00ebshtje q\u00eb po mbulohen nga drejt\u00ebsia, p\u00ebrfshir\u00eb afer\u00ebn McGonigal dhe takimin e diskutuesh\u00ebm n\u00eb Arub\u00eb.<\/p>\n<p>Berisha akuzoi Dumanin se, nuk guxon t\u00eb hetoj\u00eb Edi Ram\u00ebn dhe se \u00ebsht\u00eb n\u00ebn ndikimin e avokatit Altin Troplini, t\u00eb cilin e cil\u00ebsoi si avokatin privat t\u00eb familjes Rama.<\/p>\n<p>\u201cJu flisni p\u00ebr hetime.<\/p>\n<p>A e dini ju q\u00eb \u00ebsht\u00eb 50 milion\u00eb euro tuneli i Llogaras\u00eb?<\/p>\n<p>Q\u00eb \u00ebsht\u00eb 140 milion\u00eb euro gjoba p\u00ebr qytetar\u00ebt shqiptar\u00eb p\u00ebr aeroportin e Vlor\u00ebs q\u00eb do ta marr\u00eb tani Lubia me Edi Ram\u00ebn?<\/p>\n<p>A b\u00ebjn\u00eb k\u00ebto s\u00eb bashku 210 milion\u00eb?<\/p>\n<p>A e dini ju se nuk mund t\u00eb hetohet Edi Rama me 21 milion\u00eb euro shpenzime udh\u00ebtimi n\u00eb dy vite se e mbron Altin Troplini?<\/p>\n<p>A e dini ju se nuk lejoi krijimin e komisionit hetimor parlamentar, sepse me avionin e tij, sipas burimeve, transportonte para, narkoeuro ose transportonte drog\u00eb dhe nuk pranoi q\u00eb t\u00eb pastrohej nga hetimi?<\/p>\n<p>A e dini ju se t\u00eb gjitha k\u00ebto jan\u00eb shpenzime q\u00eb r\u00ebndojn\u00eb mbi shpatullat e atyre q\u00eb num\u00ebrojn\u00eb kafshat\u00ebn?<\/p>\n<p>A e mor\u00ebt vesh t\u00eb dh\u00ebn\u00ebn e fundit t\u00eb EUROSTAT se 56 p\u00ebrqind e shqiptar\u00ebve mezi mbyllin muajin? Se parat\u00eb i marrin lubit\u00eb.<\/p>\n<p>A e dini apo jo?<\/p>\n<p>Nuk kemi gj\u00eb personale ne&#8230; do dal un\u00eb tek \u00e7\u00ebshtja personale me Dumanin dhe e kam shum\u00eb t\u00eb fort\u00eb, por k\u00ebt\u00eb e kam p\u00ebr qytetar\u00ebt un\u00eb.<\/p>\n<p>A e dini ju sa \u00ebsht\u00eb vjedhur me energjin\u00eb elektrike? Vet\u00ebm n\u00eb nj\u00eb vit 300 milion\u00eb euro me digat. Shiti digat ver\u00ebs tek sekser\u00ebt e tyre dhe blije energjin\u00eb me 300 euro n\u00eb vjesht\u00eb.<\/p>\n<p>Dhe k\u00ebto avokat Dumani nuk i heton.<\/p>\n<p>A e dini ju se afera t\u00eb m\u00ebdha nd\u00ebrkomb\u00ebtare, si\u00e7 \u00ebsht\u00eb Aruba, nuk kemi dijeni, Antimafia Italiane ka dijeni, prokuroria belge dhe gjykata belge gjykon p\u00ebr dosjen, kurse Dumani nuk ka dijeni&#8230;<\/p>\n<p>P\u00ebr McGonigalin thot\u00eb se ka 5 vjet q\u00eb heton.<\/p>\n<p>Mashtron. Mashtron.<\/p>\n<p>\u00c7far\u00eb ka p\u00ebr t\u00eb hetuar? N\u00eb vendimin e gjykat\u00ebs s\u00eb Uashingtonit, emri i Edi Ram\u00ebs citohet 13 her\u00eb. Jan\u00eb marr\u00eb para prej tij.<\/p>\n<p>A e dini ju qytetar\u00eb t\u00eb dashur se McGonigali nd\u00ebrhyri tek Edi Rama p\u00ebr t\u2019i hequr licenc\u00ebn nj\u00eb kompanie ruse dhe p\u00ebr t\u2019ia dh\u00ebn\u00eb nj\u00eb kompanie tjet\u00ebr ruse?<\/p>\n<p>Po shqiptar\u00ebt paguan 40 milion\u00eb n\u00eb arbitrazh, por p\u00ebr Altin Troplinin kjo nuk ka r\u00ebnd\u00ebsi se \u00ebsht\u00eb avokati privat i familjes Rama.<\/p>\n<p>Nuk kemi gj\u00eb ne, por t\u00eb pranosh dhe t\u00eb mos hetosh takimin zyrtar t\u00eb qeveris\u00eb me k\u00eb? Me bos\u00ebt e karteleve t\u00eb drog\u00ebs. Po ky \u00ebsht\u00eb takimi m\u00eb i zi. As Maduro nuk ka b\u00ebr\u00eb takim t\u00eb till\u00eb.<\/p>\n<p>A e dini ju se qytetar\u00ebve europian\u00eb u vodhi 1.2 miliard\u00eb euro Amant Josifi, djali i drejtoresh\u00ebs s\u00eb sh\u00ebrbimit civil, i mbrojturi i Olsi Ram\u00ebs? Dhe pati pap\u00ebrgjegj\u00ebsin\u00eb e plot\u00eb t\u00eb thot\u00eb nuk e hetojm\u00eb ne at\u00eb. Ju kujtohet kur tha nuk e hetojm\u00eb Amant Josifin?\u201d, tha Berisha.<\/p>\n<p>&nbsp;<\/p>\n","protected":false},"excerpt":{"rendered":"<p>Kryetari i PD, Sali Berisha, gjat\u00eb fjal\u00ebs n\u00eb parlament e akuzoi kreun e SPAK, Altin Dumani, e ka akuzuar k\u00ebt\u00eb t\u00eb fundit se mbron kryeministrin Edi Rama dhe se nuk heton aferat m\u00eb t\u00eb m\u00ebdha korruptive t\u00eb qeveris\u00eb. Berisha p\u00ebrmendi disa \u00e7\u00ebshtje q\u00eb po mbulohen nga drejt\u00ebsia, p\u00ebrfshir\u00eb afer\u00ebn McGonigal dhe takimin e diskutuesh\u00ebm n\u00eb &hellip;<\/p>\n","protected":false},"author":4,"featured_media":126622,"comment_status":"closed","ping_status":"closed","sticky":false,"template":"","format":"standard","meta":{"footnotes":""},"categories":[37],"tags":[],"class_list":["post-126694","post","type-post","status-publish","format-standard","has-post-thumbnail","","category-politike"],"_links":{"self":[{"href":"https:\/\/rdnews.al\/index.php\/wp-json\/wp\/v2\/posts\/126694","targetHints":{"allow":["GET"]}}],"collection":[{"href":"https:\/\/rdnews.al\/index.php\/wp-json\/wp\/v2\/posts"}],"about":[{"href":"https:\/\/rdnews.al\/index.php\/wp-json\/wp\/v2\/types\/post"}],"author":[{"embeddable":true,"href":"https:\/\/rdnews.al\/index.php\/wp-json\/wp\/v2\/users\/4"}],"replies":[{"embeddable":true,"href":"https:\/\/rdnews.al\/index.php\/wp-json\/wp\/v2\/comments?post=126694"}],"version-history":[{"count":1,"href":"https:\/\/rdnews.al\/index.php\/wp-json\/wp\/v2\/posts\/126694\/revisions"}],"predecessor-version":[{"id":126696,"href":"https:\/\/rdnews.al\/index.php\/wp-json\/wp\/v2\/posts\/126694\/revisions\/126696"}],"wp:featuredmedia":[{"embeddable":true,"href":"https:\/\/rdnews.al\/index.php\/wp-json\/wp\/v2\/media\/126622"}],"wp:attachment":[{"href":"https:\/\/rdnews.al\/index.php\/wp-json\/wp\/v2\/media?parent=126694"}],"wp:term":[{"taxonomy":"category","embeddable":true,"href":"https:\/\/rdnews.al\/index.php\/wp-json\/wp\/v2\/categories?post=126694"},{"taxonomy":"post_tag","embeddable":true,"href":"https:\/\/rdnews.al\/index.php\/wp-json\/wp\/v2\/tags?post=126694"}],"curies":[{"name":"wp","href":"https:\/\/api.w.org\/{rel}","templated":true}]}}