{"id":126697,"date":"2025-10-27T19:09:26","date_gmt":"2025-10-27T19:09:26","guid":{"rendered":"https:\/\/rdnews.al\/?p=126697"},"modified":"2025-10-27T19:11:27","modified_gmt":"2025-10-27T19:11:27","slug":"boci-dumanit-kam-denoncuar-krimin-ne-zgjedhjet-ne-shkoder-dhe-nuk-me-keni-pritur","status":"publish","type":"post","link":"https:\/\/rdnews.al\/index.php\/2025\/10\/27\/boci-dumanit-kam-denoncuar-krimin-ne-zgjedhjet-ne-shkoder-dhe-nuk-me-keni-pritur\/","title":{"rendered":"Bo\u00e7i-Dumanit: Kam denoncuar krimin n\u00eb zgjedhjet n\u00eb Shkod\u00ebr dhe nuk m\u00eb keni pritur!"},"content":{"rendered":"<p>Deputeti i PD, Lu\u00e7iano Bo\u00e7i, ka mbajtur nj\u00eb fjal\u00eb t\u00eb fort\u00eb n\u00eb Kuvend, pas raportimit t\u00eb drejtuesit t\u00eb SPAK, Altin Dumani. Bo\u00e7i akuzoi institucionin e drejt\u00ebsis\u00eb se ka shpallur t\u00eb \u2018papreksh\u00ebm\u2019 kryeministrin Edi Rama dhe se po vepron si \u2018instrument i pushtetit\u2019.<\/p>\n<p>\u201cKur ju lexuat pyetjen time t\u00eb cunguar, pyetjen e par\u00eb, se pse SPAK e ka shpallur t\u00eb papreksh\u00ebm Edi Ram\u00ebn, pjesa k\u00ebtu u gajas shum\u00eb. Por n\u00eb fakt m\u00eb shum\u00eb se sa mua, duhet t\u00eb shqet\u00ebsoheni ju, pasi n\u00ebse ne ju akuzojm\u00eb se jeni b\u00ebr\u00eb instrumente si institucion i pushtetit, k\u00ebta e din\u00eb shum\u00eb mir\u00eb dhe e besojn\u00eb dhe nuk e \u00e7ojn\u00eb fare n\u00ebp\u00ebrmend q\u00eb nj\u00eb dit\u00eb, ai kryeminist\u00ebr do vij\u00eb dhe do p\u00ebrgjigjet atje. Nuk e besojn\u00eb kurr\u00eb. Prandaj duhet t\u00eb shqet\u00ebsoheni\u201d, tha Bo\u00e7i.<\/p>\n<p>Deputeti demokrat tha se pyetja e tij ishte cunguar q\u00ebllimisht dhe se kishte argumentuar me fakte pse Rama, sipas tij, \u00ebsht\u00eb b\u00ebr\u00eb i papreksh\u00ebm p\u00ebr drejt\u00ebsin\u00eb.<\/p>\n<p>\u2018M\u00eb erdhi keq, pse pyetjen time cunguat, un\u00eb kam b\u00ebr\u00eb arsyetimin se, pse ai konsiderohet dhe \u00ebsht\u00eb shpallur i papreksh\u00ebn sepse q\u00ebndron n\u00eb krye t\u00eb afer\u00ebs incenerator\u00ebve, e ka argumentuar komisioni hetimor.<\/p>\n<p>E ka ndryshuar ligjin me k\u00ebrkes\u00ebn e Klodian Zotos, sipas dokumenteve tuaja n\u00eb dosjen e Arben Ahmetajt.<\/p>\n<p>Sepse q\u00ebndron n\u00eb krye t\u00eb sterilizimit, sepse ju vini k\u00ebtu n\u00eb em\u00ebr t\u00eb institucionit dhe ju mbani p\u00ebrgjegj\u00ebsi, dhe ai mban p\u00ebrgjegj\u00ebsin\u00eb p\u00ebr t\u00eb gjith\u00eb veprimtarin\u00eb dhe madje ka firmosur, se ishte ai q\u00eb urdh\u00ebroi 17 vendime brenda nj\u00eb dite.<\/p>\n<p>Se \u00ebsht\u00eb po ai q\u00eb \u00ebsht\u00eb p\u00ebrmendur 14 her\u00eb nga drejt\u00ebsia amerikane dhe kan\u00eb dal\u00eb fakte t\u00eb reja p\u00ebr \u00e7\u00ebshtjen McGonigal. Dhe prandaj ne themi q\u00eb \u00ebsht\u00eb shpallur i papreksh\u00ebm. K\u00ebto le t\u00eb gajasen,\u2019\u00a0vijoi Bo\u00e7i.<\/p>\n<p>N\u00eb fjal\u00ebn e tij, ai iu referua edhe \u00e7\u00ebshtjes s\u00eb krimit zgjedhor n\u00eb Shkod\u00ebr, duke th\u00ebn\u00eb se kishte dh\u00ebn\u00eb indicie dhe kall\u00ebzime konkrete, por nuk ishte ftuar nga SPAK p\u00ebr t\u00eb d\u00ebshmuar.<\/p>\n<p>\u2018Mu referuat q\u00eb un\u00eb kam dh\u00ebn\u00eb shum\u00eb indicje. Po \u00ebsht\u00eb e v\u00ebrtet\u00eb. Edhe kall\u00ebzime dhe kall\u00ebzimet ka ardhur dhe kryetarja e PD-s\u00eb n\u00eb SPAK dhe madje \u00ebsht\u00eb e intimiduar se do akuzohet p\u00ebr kall\u00ebzim t\u00eb rrem\u00eb.<\/p>\n<p>Nd\u00ebrsa un\u00eb personalisht nuk doja ta thoja k\u00ebt\u00eb po m\u00eb nxitet vet\u00eb. Ju kam k\u00ebrkuar bashk\u00ebpunim personalisht p\u00ebr t\u00eb d\u00ebshmuar situat\u00ebn sensitive n\u00eb Shkod\u00ebr dhe kam marr\u00eb p\u00ebrgjigje nga asistentja juaj q\u00eb nuk mund t\u2019ju takoj.<\/p>\n<p>Besoj ju ka njoftuar sepse ishte p\u00ebr bandat dhe angazhimin e tyre n\u00eb fushat\u00ebn zgjedhore dhe mua m\u00eb \u00ebsht\u00eb refuzuar takimi,\u2019 deklaroi Bo\u00e7i.<\/p>\n<p>Deputeti shtoi se organet e drejt\u00ebsis\u00eb duhet t\u00eb kishin p\u00ebrdorur metodat e duhura p\u00ebr hetimin e indicieve q\u00eb ai dhe opozita kishin dh\u00ebn\u00eb.<\/p>\n<p>\u2018Dhe po kam qen\u00eb shum\u00eb aktiv, kjo \u00ebsht\u00eb e v\u00ebrtet\u00eb, por ju duhet t\u00eb p\u00ebrdorshit metodat e duhura kur ne b\u00ebnim indicje, jo \u2018shkoi policia nuk e gjeti\u2019. Ju keni metodat e tjera t\u00eb vendosjes n\u00eb p\u00ebrgjim, kontroll, prandaj e jap indicien un\u00eb. Dhe kjo duhet t\u00eb ishte b\u00ebr\u00eb,\u2019 p\u00ebrfundoi Bo\u00e7i.<\/p>\n","protected":false},"excerpt":{"rendered":"<p>Deputeti i PD, Lu\u00e7iano Bo\u00e7i, ka mbajtur nj\u00eb fjal\u00eb t\u00eb fort\u00eb n\u00eb Kuvend, pas raportimit t\u00eb drejtuesit t\u00eb SPAK, Altin Dumani. Bo\u00e7i akuzoi institucionin e drejt\u00ebsis\u00eb se ka shpallur t\u00eb \u2018papreksh\u00ebm\u2019 kryeministrin Edi Rama dhe se po vepron si \u2018instrument i pushtetit\u2019. \u201cKur ju lexuat pyetjen time t\u00eb cunguar, pyetjen e par\u00eb, se pse SPAK &hellip;<\/p>\n","protected":false},"author":4,"featured_media":126700,"comment_status":"closed","ping_status":"closed","sticky":false,"template":"","format":"standard","meta":{"footnotes":""},"categories":[37],"tags":[],"class_list":["post-126697","post","type-post","status-publish","format-standard","has-post-thumbnail","","category-politike"],"_links":{"self":[{"href":"https:\/\/rdnews.al\/index.php\/wp-json\/wp\/v2\/posts\/126697","targetHints":{"allow":["GET"]}}],"collection":[{"href":"https:\/\/rdnews.al\/index.php\/wp-json\/wp\/v2\/posts"}],"about":[{"href":"https:\/\/rdnews.al\/index.php\/wp-json\/wp\/v2\/types\/post"}],"author":[{"embeddable":true,"href":"https:\/\/rdnews.al\/index.php\/wp-json\/wp\/v2\/users\/4"}],"replies":[{"embeddable":true,"href":"https:\/\/rdnews.al\/index.php\/wp-json\/wp\/v2\/comments?post=126697"}],"version-history":[{"count":1,"href":"https:\/\/rdnews.al\/index.php\/wp-json\/wp\/v2\/posts\/126697\/revisions"}],"predecessor-version":[{"id":126699,"href":"https:\/\/rdnews.al\/index.php\/wp-json\/wp\/v2\/posts\/126697\/revisions\/126699"}],"wp:featuredmedia":[{"embeddable":true,"href":"https:\/\/rdnews.al\/index.php\/wp-json\/wp\/v2\/media\/126700"}],"wp:attachment":[{"href":"https:\/\/rdnews.al\/index.php\/wp-json\/wp\/v2\/media?parent=126697"}],"wp:term":[{"taxonomy":"category","embeddable":true,"href":"https:\/\/rdnews.al\/index.php\/wp-json\/wp\/v2\/categories?post=126697"},{"taxonomy":"post_tag","embeddable":true,"href":"https:\/\/rdnews.al\/index.php\/wp-json\/wp\/v2\/tags?post=126697"}],"curies":[{"name":"wp","href":"https:\/\/api.w.org\/{rel}","templated":true}]}}