{"id":126701,"date":"2025-10-27T19:13:04","date_gmt":"2025-10-27T19:13:04","guid":{"rendered":"https:\/\/rdnews.al\/?p=126701"},"modified":"2025-10-27T19:25:51","modified_gmt":"2025-10-27T19:25:51","slug":"a-eshte-kercenuar-prokurori-dumani-konfirmon-hetimet-per-ballukun","status":"publish","type":"post","link":"https:\/\/rdnews.al\/index.php\/2025\/10\/27\/a-eshte-kercenuar-prokurori-dumani-konfirmon-hetimet-per-ballukun\/","title":{"rendered":"A \u00ebsht\u00eb k\u00ebrc\u00ebnuar prokurori?\/ Dumani nuk e mohon, por konfirmon hetimet p\u00ebr Ballukun"},"content":{"rendered":"<div class=\"chapo\">\n<p><strong>Dumani nuk e ka mohuar sot q\u00eb Prokurori q\u00eb po heton Belinda Ballukun t\u00eb jet\u00eb k\u00ebrc\u00ebnuar nga pala t\u00eb treta sikurse ka dal\u00eb infrmacioni n\u00eb media, por ai ka deklaruar para deputet\u00ebve se vet\u00eb Prokurori Premci nuk i ka shprehur atij nj\u00eb shqet\u00ebsim t\u00eb till\u00eb.<\/strong><\/p>\n<p>Gjat\u00eb paraqitjes s\u00eb raportit vjetor t\u00eb SPAK n\u00eb Kuvend, drejtuesi i institucionit, Altin Dumani, \u00ebsht\u00eb ndalur edhe tek hetimet q\u00eb prekin nivelin e lart\u00eb qeveritar, mes tyre \u00e7\u00ebshtja n\u00eb t\u00eb cil\u00ebn p\u00ebrmendet edhe zv.kryeministrja Belinda Balluku.<\/p>\n<\/div>\n<p>Dumani sqaroi se hetimet po zhvillohen normalisht dhe pa nd\u00ebrhyrje.<\/p>\n<p>Ai theksoi se prokurori Pren\u00e7i g\u00ebzon mb\u00ebshtetjen e pakusht\u00ebzuar t\u00eb tij p\u00ebr t\u00eb vijuar hetimet.<\/p>\n<p>\u201cProkurori Pren\u00e7i dhe t\u00eb gjith\u00eb kan\u00eb mb\u00ebshtetjen time si kryetar i SPAK. Deri tani nuk m\u00eb ka paraqitur ndonj\u00eb problem p\u00ebr ndonj\u00eb k\u00ebrc\u00ebnim ndaj tij. Pren\u00e7i ka gjith\u00eb mb\u00ebshtetjen time n\u00eb hetimin e \u00e7do \u00e7\u00ebshtjeje q\u00eb ka n\u00eb ndjekje. Ashtu si\u00e7 thash\u00eb, jo vet\u00ebm ai por gjith\u00eb prokuror\u00ebt e SPAK. N\u00eb asnj\u00eb rast nuk kam bllokuar hetime, por jam munduar t\u00eb krijoj nj\u00eb ambient ku prokuror\u00ebt ndihen t\u00eb lir\u00eb p\u00ebr t\u00eb ushtruar ndjekjen penale\u201d, tha Altin Dumani.\/ Zoom.al<\/p>\n","protected":false},"excerpt":{"rendered":"<p>Dumani nuk e ka mohuar sot q\u00eb Prokurori q\u00eb po heton Belinda Ballukun t\u00eb jet\u00eb k\u00ebrc\u00ebnuar nga pala t\u00eb treta sikurse ka dal\u00eb infrmacioni n\u00eb media, por ai ka deklaruar para deputet\u00ebve se vet\u00eb Prokurori Premci nuk i ka shprehur atij nj\u00eb shqet\u00ebsim t\u00eb till\u00eb. Gjat\u00eb paraqitjes s\u00eb raportit vjetor t\u00eb SPAK n\u00eb Kuvend, drejtuesi &hellip;<\/p>\n","protected":false},"author":3,"featured_media":126702,"comment_status":"closed","ping_status":"closed","sticky":false,"template":"","format":"standard","meta":{"footnotes":""},"categories":[37],"tags":[],"class_list":["post-126701","post","type-post","status-publish","format-standard","has-post-thumbnail","","category-politike"],"_links":{"self":[{"href":"https:\/\/rdnews.al\/index.php\/wp-json\/wp\/v2\/posts\/126701","targetHints":{"allow":["GET"]}}],"collection":[{"href":"https:\/\/rdnews.al\/index.php\/wp-json\/wp\/v2\/posts"}],"about":[{"href":"https:\/\/rdnews.al\/index.php\/wp-json\/wp\/v2\/types\/post"}],"author":[{"embeddable":true,"href":"https:\/\/rdnews.al\/index.php\/wp-json\/wp\/v2\/users\/3"}],"replies":[{"embeddable":true,"href":"https:\/\/rdnews.al\/index.php\/wp-json\/wp\/v2\/comments?post=126701"}],"version-history":[{"count":3,"href":"https:\/\/rdnews.al\/index.php\/wp-json\/wp\/v2\/posts\/126701\/revisions"}],"predecessor-version":[{"id":126713,"href":"https:\/\/rdnews.al\/index.php\/wp-json\/wp\/v2\/posts\/126701\/revisions\/126713"}],"wp:featuredmedia":[{"embeddable":true,"href":"https:\/\/rdnews.al\/index.php\/wp-json\/wp\/v2\/media\/126702"}],"wp:attachment":[{"href":"https:\/\/rdnews.al\/index.php\/wp-json\/wp\/v2\/media?parent=126701"}],"wp:term":[{"taxonomy":"category","embeddable":true,"href":"https:\/\/rdnews.al\/index.php\/wp-json\/wp\/v2\/categories?post=126701"},{"taxonomy":"post_tag","embeddable":true,"href":"https:\/\/rdnews.al\/index.php\/wp-json\/wp\/v2\/tags?post=126701"}],"curies":[{"name":"wp","href":"https:\/\/api.w.org\/{rel}","templated":true}]}}