{"id":126705,"date":"2025-10-27T19:17:00","date_gmt":"2025-10-27T19:17:00","guid":{"rendered":"https:\/\/rdnews.al\/?p=126705"},"modified":"2025-10-27T19:17:00","modified_gmt":"2025-10-27T19:17:00","slug":"berisha-ne-kemi-nje-problem-te-madh-personal-me-dumanin-ai-eshte-armik-i-eger-i-votes-se-lire","status":"publish","type":"post","link":"https:\/\/rdnews.al\/index.php\/2025\/10\/27\/berisha-ne-kemi-nje-problem-te-madh-personal-me-dumanin-ai-eshte-armik-i-eger-i-votes-se-lire\/","title":{"rendered":"Berisha: Ne kemi nj\u00eb problem t\u00eb madh personal me Dumanin, ai \u00ebsht\u00eb armik i eg\u00ebr i vot\u00ebs s\u00eb lir\u00eb!"},"content":{"rendered":"<p>Kryetari i PD, Sali Berisha, ka l\u00ebshuar akuza t\u00eb forta n\u00eb sall\u00ebn e parlamentit ndaj drejtuesit t\u00eb SPAK, Altin Dumani, duke e cil\u00ebsuar si armik t\u00eb eg\u00ebr t\u00eb vot\u00ebs s\u00eb lir\u00eb dhe si avokat t\u00eb dhunimit t\u00eb saj.<\/p>\n<p>Berisha tha se, ne kemi nj\u00eb madh personal me t\u00eb! Problemi im dhe i gjith\u00eb k\u00ebtyre dhe i gjith\u00eb popullit opozitar \u00ebsht\u00eb se ky \u00ebsht\u00eb nj\u00eb armik i eg\u00ebr i vot\u00ebs s\u00eb lire sepse n\u00eb qoft\u00eb se Edi Rama \u00ebsht\u00eb dhunues kryesor i vot\u00ebs s\u00eb lir\u00eb, ky \u00ebsht\u00eb avokat i dhunimit.<\/p>\n<p>\u201cPo, t\u00eb dashur qytetar\u00eb, ne kemi nj\u00eb madh personal me t\u00eb!<\/p>\n<p>Problemi im dhe i gjith\u00eb k\u00ebtyre dhe i gjith\u00eb popullit opozitar \u00ebsht\u00eb se ky \u00ebsht\u00eb nj\u00eb armik i eg\u00ebr i vot\u00ebs s\u00eb lir\u00eb.<\/p>\n<p>Sepse n\u00eb qoft\u00eb se Edi Rama \u00ebsht\u00eb dhunues kryesor i vot\u00ebs s\u00eb lir\u00eb, ky \u00ebsht\u00eb avokat i dhunimit.<\/p>\n<p>Dosjet nd\u00ebrkomb\u00ebtare, t\u00eb publikuara n\u00eb t\u00eb gjitha mediat e bot\u00ebs, i amnistoi.<\/p>\n<p>N\u00eb at\u00eb koh\u00eb kam deklaruar publikisht se \u00ebsht\u00eb armik i eg\u00ebr i opozit\u00ebs dhe u garantoj se t\u00eb till\u00eb do e konsiderojm\u00eb deri dit\u00ebn e fundit ton\u00eb.<\/p>\n<p>Aty flitej p\u00ebr Ulsiun, flitej p\u00ebr Edi Ram\u00ebn, p\u00ebr Pjerinin, p\u00ebr t\u00eb gjith\u00eb me radh\u00eb.<\/p>\n<p>Dhe q\u00eb t\u00eb gjith\u00eb jan\u00eb, nuk kan\u00eb kryer asgj\u00eb, sepse ia b\u00ebn\u00eb armikut, opozit\u00ebs.<\/p>\n<p>Dhe do e paraqisni ju at\u00eb k\u00ebtu, bastard\u00eb t\u00eb Arben Rakipit.<\/p>\n<p>Po si mundet kjo?<\/p>\n<p>Rri aty k\u00ebtu se i kam k\u00ebtu p\u00ebr ty&#8230; do i lexoj p\u00ebr ty tani&#8230;<\/p>\n<p>Pra, a e dini ju se ai del dhe mburrem se un\u00eb i sekuestrova k\u00ebtij apo atij apartamentin?<\/p>\n<p>Po 400 milion\u00eb euro e djeg\u00ebsave?<\/p>\n<p>A e dini ju se ai vjen k\u00ebtu dhe mburret se kemi sekuestruar 60 e ca milion\u00eb euro? Po vet\u00ebm Franc \u00c7opja kishte 6 miliard\u00eb mor.<\/p>\n<p>Po ku i gjeti parat\u00eb Fatmir Troplini p\u00ebr t\u2019i dh\u00ebn\u00eb leje Edi Rama p\u00ebr 5 kulla dhe 12 nd\u00ebrtime t\u00eb tjera n\u00eb tok\u00eb publike?<\/p>\n<p>Ai \u00ebsht\u00eb avokati m\u00eb i sh\u00ebmtuar i korrupsionit.<\/p>\n<p>Doni ju t\u00eb dini disa tregues se ai foli p\u00ebr tregues k\u00ebtu sikur po lexonte ndonj\u00eb portal.<\/p>\n<p>Indeksi i p\u00ebrgjithsh\u00ebm i shtetit ligjor, n\u00eb vitin 2015, Shqip\u00ebria renditej e 52-ta n\u00eb bot\u00eb. N\u00eb vitin 2024, Shqip\u00ebria renditet 37 vende m\u00eb posht\u00eb sipas \u00cborld Justice Project.<\/p>\n<p>Treguesi i korrupsionit n\u00eb vitin 2015, Shqip\u00ebria renditej e 78-a, n\u00eb vitin 2025, Shqip\u00ebria renditet 29 vende m\u00eb posht\u00eb.<\/p>\n<p>P\u00ebr nd\u00ebrhyrjen e qeveris\u00eb, p\u00ebr pavar\u00ebsin\u00eb q\u00eb flisni ju, n\u00eb vitin 2015, Shqip\u00ebria renditej e 52-ta, n\u00eb vitin 2024, Shqip\u00ebria renditet e 106-a, p\u00ebrkeq\u00ebsim 100 p\u00ebrqind.<\/p>\n<p>N\u00eb zbatimin e ligjit, Shqip\u00ebria renditej n\u00eb vitin 2015 n\u00eb pozicionin 86, n\u00eb vitin 2024 n\u00eb pozicionin 114.<\/p>\n<p>N\u00eb t\u00eb drejtat civile, Shqip\u00ebria renditjen n\u00eb vitin 2015 n\u00eb vendin e 55, kurse n\u00eb vitin 2024 renditet n\u00eb vendin e 101.<\/p>\n<p>P\u00ebr nd\u00ebrhyrjen e qeveris\u00eb n\u00eb drejt\u00ebsin\u00eb penale, Shqip\u00ebria renditej n\u00eb vitin 2015 n\u00eb vendin e 46, renditen n\u00eb vitin 2024 n\u00eb vendin e 92, 100 p\u00ebrqind p\u00ebrkeq\u00ebsim.<\/p>\n<p>P\u00ebr nd\u00ebrhyrjen n\u00eb drejt\u00ebsin\u00eb penale te Skapist\u00ebt, Shqip\u00ebria renditej n\u00eb vitin 2015 n\u00eb vendin e 62, kurse n\u00eb vitin 2024, renditet n\u00eb vendin 106 apo 44 vende m\u00eb keq\u201d, u shpreh Berisha.<\/p>\n","protected":false},"excerpt":{"rendered":"<p>Kryetari i PD, Sali Berisha, ka l\u00ebshuar akuza t\u00eb forta n\u00eb sall\u00ebn e parlamentit ndaj drejtuesit t\u00eb SPAK, Altin Dumani, duke e cil\u00ebsuar si armik t\u00eb eg\u00ebr t\u00eb vot\u00ebs s\u00eb lir\u00eb dhe si avokat t\u00eb dhunimit t\u00eb saj. Berisha tha se, ne kemi nj\u00eb madh personal me t\u00eb! Problemi im dhe i gjith\u00eb k\u00ebtyre dhe &hellip;<\/p>\n","protected":false},"author":4,"featured_media":98536,"comment_status":"closed","ping_status":"closed","sticky":false,"template":"","format":"standard","meta":{"footnotes":""},"categories":[37],"tags":[],"class_list":["post-126705","post","type-post","status-publish","format-standard","has-post-thumbnail","","category-politike"],"_links":{"self":[{"href":"https:\/\/rdnews.al\/index.php\/wp-json\/wp\/v2\/posts\/126705","targetHints":{"allow":["GET"]}}],"collection":[{"href":"https:\/\/rdnews.al\/index.php\/wp-json\/wp\/v2\/posts"}],"about":[{"href":"https:\/\/rdnews.al\/index.php\/wp-json\/wp\/v2\/types\/post"}],"author":[{"embeddable":true,"href":"https:\/\/rdnews.al\/index.php\/wp-json\/wp\/v2\/users\/4"}],"replies":[{"embeddable":true,"href":"https:\/\/rdnews.al\/index.php\/wp-json\/wp\/v2\/comments?post=126705"}],"version-history":[{"count":1,"href":"https:\/\/rdnews.al\/index.php\/wp-json\/wp\/v2\/posts\/126705\/revisions"}],"predecessor-version":[{"id":126706,"href":"https:\/\/rdnews.al\/index.php\/wp-json\/wp\/v2\/posts\/126705\/revisions\/126706"}],"wp:featuredmedia":[{"embeddable":true,"href":"https:\/\/rdnews.al\/index.php\/wp-json\/wp\/v2\/media\/98536"}],"wp:attachment":[{"href":"https:\/\/rdnews.al\/index.php\/wp-json\/wp\/v2\/media?parent=126705"}],"wp:term":[{"taxonomy":"category","embeddable":true,"href":"https:\/\/rdnews.al\/index.php\/wp-json\/wp\/v2\/categories?post=126705"},{"taxonomy":"post_tag","embeddable":true,"href":"https:\/\/rdnews.al\/index.php\/wp-json\/wp\/v2\/tags?post=126705"}],"curies":[{"name":"wp","href":"https:\/\/api.w.org\/{rel}","templated":true}]}}