{"id":126707,"date":"2025-10-27T19:20:47","date_gmt":"2025-10-27T19:20:47","guid":{"rendered":"https:\/\/rdnews.al\/?p=126707"},"modified":"2025-10-27T19:51:51","modified_gmt":"2025-10-27T19:51:51","slug":"flete-thirrja-e-dyte-per-ballukun-cfare-paralajmeron-prokurori","status":"publish","type":"post","link":"https:\/\/rdnews.al\/index.php\/2025\/10\/27\/flete-thirrja-e-dyte-per-ballukun-cfare-paralajmeron-prokurori\/","title":{"rendered":"Flet\u00eb-thirrja e dyt\u00eb p\u00ebr Ballukun\/ \u00c7far\u00eb paralajm\u00ebron prokurori&#8230;"},"content":{"rendered":"<div class=\"chapo\">Zv.kryeministrja Belinda Balluku \u00ebsht\u00eb thirrur p\u00ebr her\u00eb t\u00eb dyt\u00eb n\u00eb Prokurorin\u00eb e Posa\u00e7me, pasi nuk u paraqit dit\u00ebn e sotme p\u00ebr t\u2019u njohur me akuzat q\u00eb i adresohen nga SPAK.<\/div>\n<p>Prokurori i \u00e7\u00ebshtjes, Dritan Pren\u00e7i, ka vendosur t\u00eb rinis\u00eb procedur\u00ebn ligjore, duke i d\u00ebrguar nj\u00eb tjet\u00ebr flet\u00eb-thirrje zyrtare.<\/p>\n<p>Sipas gazetarit Elton Qyno, dokumenti \u00ebsht\u00eb p\u00ebrcjell\u00eb n\u00eb adres\u00eb t\u00eb Ministris\u00eb s\u00eb Infrastruktur\u00ebs dhe Energjis\u00eb, ku Balluku mban detyr\u00ebn e titullares. N\u00eb njoftim, asaj i k\u00ebrkohet t\u00eb paraqitet gjat\u00eb dit\u00ebve t\u00eb k\u00ebsaj jave dhe t\u00eb jet\u00eb e shoq\u00ebruar nga p\u00ebrfaq\u00ebsuesi i saj ligjor.<\/p>\n<p>Prokuroria e posa\u00e7me ka paralajm\u00ebruar se, n\u00eb rast t\u00eb munges\u00ebs s\u00eb pajustifikuar, do t\u00eb nd\u00ebrmerren masa p\u00ebr shoq\u00ebrimin e detyruar p\u00ebrpara hetuesve t\u00eb SPAK.<\/p>\n","protected":false},"excerpt":{"rendered":"<p>Zv.kryeministrja Belinda Balluku \u00ebsht\u00eb thirrur p\u00ebr her\u00eb t\u00eb dyt\u00eb n\u00eb Prokurorin\u00eb e Posa\u00e7me, pasi nuk u paraqit dit\u00ebn e sotme p\u00ebr t\u2019u njohur me akuzat q\u00eb i adresohen nga SPAK. Prokurori i \u00e7\u00ebshtjes, Dritan Pren\u00e7i, ka vendosur t\u00eb rinis\u00eb procedur\u00ebn ligjore, duke i d\u00ebrguar nj\u00eb tjet\u00ebr flet\u00eb-thirrje zyrtare. Sipas gazetarit Elton Qyno, dokumenti \u00ebsht\u00eb p\u00ebrcjell\u00eb &hellip;<\/p>\n","protected":false},"author":3,"featured_media":126709,"comment_status":"closed","ping_status":"closed","sticky":false,"template":"","format":"standard","meta":{"footnotes":""},"categories":[40],"tags":[],"class_list":["post-126707","post","type-post","status-publish","format-standard","has-post-thumbnail","","category-aktualitet"],"_links":{"self":[{"href":"https:\/\/rdnews.al\/index.php\/wp-json\/wp\/v2\/posts\/126707","targetHints":{"allow":["GET"]}}],"collection":[{"href":"https:\/\/rdnews.al\/index.php\/wp-json\/wp\/v2\/posts"}],"about":[{"href":"https:\/\/rdnews.al\/index.php\/wp-json\/wp\/v2\/types\/post"}],"author":[{"embeddable":true,"href":"https:\/\/rdnews.al\/index.php\/wp-json\/wp\/v2\/users\/3"}],"replies":[{"embeddable":true,"href":"https:\/\/rdnews.al\/index.php\/wp-json\/wp\/v2\/comments?post=126707"}],"version-history":[{"count":1,"href":"https:\/\/rdnews.al\/index.php\/wp-json\/wp\/v2\/posts\/126707\/revisions"}],"predecessor-version":[{"id":126710,"href":"https:\/\/rdnews.al\/index.php\/wp-json\/wp\/v2\/posts\/126707\/revisions\/126710"}],"wp:featuredmedia":[{"embeddable":true,"href":"https:\/\/rdnews.al\/index.php\/wp-json\/wp\/v2\/media\/126709"}],"wp:attachment":[{"href":"https:\/\/rdnews.al\/index.php\/wp-json\/wp\/v2\/media?parent=126707"}],"wp:term":[{"taxonomy":"category","embeddable":true,"href":"https:\/\/rdnews.al\/index.php\/wp-json\/wp\/v2\/categories?post=126707"},{"taxonomy":"post_tag","embeddable":true,"href":"https:\/\/rdnews.al\/index.php\/wp-json\/wp\/v2\/tags?post=126707"}],"curies":[{"name":"wp","href":"https:\/\/api.w.org\/{rel}","templated":true}]}}