{"id":126708,"date":"2025-10-27T19:21:48","date_gmt":"2025-10-27T19:21:48","guid":{"rendered":"https:\/\/rdnews.al\/?p=126708"},"modified":"2025-10-27T19:21:48","modified_gmt":"2025-10-27T19:21:48","slug":"noka-dumani-prokuror-politik-nen-urdhrat-e-edi-rames-mbyll-syte-perballe-shkeljeve-flagrante-elektorale","status":"publish","type":"post","link":"https:\/\/rdnews.al\/index.php\/2025\/10\/27\/noka-dumani-prokuror-politik-nen-urdhrat-e-edi-rames-mbyll-syte-perballe-shkeljeve-flagrante-elektorale\/","title":{"rendered":"Noka: Dumani, prokuror politik n\u00ebn urdhrat e Edi Ram\u00ebs, mbyll syt\u00eb p\u00ebrball\u00eb shkeljeve flagrante elektorale!"},"content":{"rendered":"<p>Sekretari i P\u00ebrgjithsh\u00ebm i PD, Flamur Noka b\u00ebri akuzash t\u00eb forta ndaj drejtuesit t\u00eb SPAK, Altin Dumani, duke e cil\u00ebsuar at\u00eb si nj\u00eb prokuror politik n\u00ebn urdhrat e kryeministrit Edi Rama.<\/p>\n<p>Noka tha se, SPAK po mbyll syt\u00eb p\u00ebrball\u00eb shkeljeve flagrante ligjore p\u00ebr q\u00ebllime elektorale. Duke iu referuar raportit t\u00eb OSBE\/ODIHR-it, ai deklaroi se, qeveria shkeli hapur ligjin me vendimet p\u00ebr shp\u00ebrblimin e 700 mij\u00eb pensionist\u00ebve dhe faljen e gjobave vet\u00ebm dy dit\u00eb para zgjedhjeve.<\/p>\n<p>\u201cTani, pyetjet u b\u00ebn\u00eb m\u00eb shum\u00eb p\u00ebr qytetar\u00ebt, jo se prisnim ndonj\u00eb p\u00ebrgjigje t\u00eb sakt\u00eb, se pak a shum\u00eb p\u00ebrgjigjen e dinim. Ajo q\u00eb \u00ebsht\u00eb p\u00ebr t&#8217;u shqet\u00ebsuar \u00ebsht\u00eb q\u00eb OSBE-ODIHR-i vler\u00ebson q\u00eb n\u00eb Shqip\u00ebri u shkel hapur ligji me VKM-t\u00eb e famshme q\u00eb miratoi kryeministri dy dit\u00eb para zgjedhjeve, p\u00ebr shp\u00ebrblimin e 700.000 pensionist\u00ebve dhe p\u00ebr faljen e gjobave.<\/p>\n<p>OSBE-ja, q\u00eb nuk \u00ebsht\u00eb organ ligjzbatues apo ligjv\u00ebn\u00ebs, e konstaton q\u00eb \u00ebsht\u00eb shkelur hapur ligji. Dumani nuk e konstaton q\u00eb \u00ebsht\u00eb shkelur hapur ligji. Ka gj\u00eb m\u00eb t\u00eb r\u00ebnd\u00eb se kjo?<\/p>\n<p>P\u00ebr Dumanin nuk ka shkelje ligji.<\/p>\n<p>Patronazhist\u00ebt dhe drejtor\u00ebt, ministrat q\u00eb shp\u00ebrndanin thas\u00eb me para, q\u00eb b\u00ebnin favore, q\u00eb q\u00eb b\u00ebnin ndera dhe favore n\u00eb shk\u00ebmbim t\u00eb vot\u00ebs, i din\u00eb t\u00eb gjith\u00eb andej, n\u00eb \u00e7do qark, n\u00eb \u00e7do fshat, po po kudo.<\/p>\n<p>Kan\u00eb shkuar, kam nxjerr\u00eb un\u00eb n\u00eb Facebook-un tim, ka nxjerr\u00eb kryetari i Partis\u00eb Demokratike n\u00eb Facebook-un e tij, video duke shp\u00ebrndar\u00eb leje, leje legalizime dhe leje \u00eb dhe hipotekash.<\/p>\n<p>Po. Por nuk ka krim. Pse? Sepse \u00ebsht\u00eb partia mbi t\u00eb gjitha. [gong] Prit mo, sa fillova, prit duro. Duro. Tani, p\u00ebr Dumanin, kur k\u00ebrc\u00ebnohet deputetja me rr\u00ebmbim vajze, nuk \u00ebsht\u00eb vep\u00ebr e SPAK-ut. Po qe se deputetja do k\u00ebrc\u00ebnonte banditin, do ishte vep\u00ebr e SPAK-ut. A e kuptoni apo jo? Ja pra kjo \u00ebsht\u00eb e gjitha. Tani tjetra, po si mundesh ti kryetar i SPAK-ut k\u00ebtu e t\u00eb thot\u00eb p\u00ebr xhafajt un\u00eb nuk i njoh? Po organizat\u00eb kriminale dhe dhe dhe dhe grup i strukturuar kriminal. Po t\u00eb pyes partner\u00ebt e tij n\u00eb Britani t\u00eb Madhe \u00e7far\u00eb kan\u00eb b\u00ebr\u00eb, t\u00eb pyes partner\u00ebt e tij n\u00eb Itali, po t\u00eb shkoj\u00eb n\u00eb Vor\u00eb t\u00eb pyes\u00eb \u00e7far\u00eb i thon\u00eb t\u00eb gjith\u00eb qytetar\u00ebt, \u00ebsht\u00eb kartel, jo thjesht nj\u00eb organizat\u00eb kriminale, \u00ebsht\u00eb nj\u00eb shkall\u00eb shum\u00eb m\u00eb e lart\u00eb. Po pse? Sepse nuk e lejon Rama.<\/p>\n<p>Nuk e lejon padroni q\u00eb t&#8217;i njoh\u00eb p\u00ebr organizat\u00eb kriminale as troplin\u00ebt, as Olsian\u00ebt, as Xhafajt, asnj\u00eb. Dhe po d\u00ebshmon se pa urdhrin e atij, ky nuk jeton. Pastaj k\u00ebtu themi ne t\u00eb hetojm\u00eb Ram\u00ebn. E dim\u00eb. As s&#8217;e ka menduar ndonj\u00ebher\u00eb, as nuk ia lejon vetes ta mendoj\u00eb. Pavar\u00ebsisht asaj q\u00eb tha zoti Bo\u00e7i, 17 vendime p\u00ebr nj\u00eb dit\u00eb, vet\u00ebm edhe edhe roja e der\u00ebs tuaj e di q\u00eb vet\u00ebm kryeministri ka fuqi t&#8217;i ushtroj\u00eb.<\/p>\n<p>Por jo, p\u00ebr Dumanin nuk jan\u00eb ato, nuk ekzistojn\u00eb. Sikund\u00ebrse s&#8217;ekziston as Olsi. Kjo \u00ebsht\u00eb. Ja pra, \u00e7far\u00eb na duhej ne? T&#8217;ju themi shqiptar\u00ebve q\u00eb ja ku e keni. Ky \u00ebsht\u00eb prokurori politik\u201d, u shpreh Noka.<\/p>\n","protected":false},"excerpt":{"rendered":"<p>Sekretari i P\u00ebrgjithsh\u00ebm i PD, Flamur Noka b\u00ebri akuzash t\u00eb forta ndaj drejtuesit t\u00eb SPAK, Altin Dumani, duke e cil\u00ebsuar at\u00eb si nj\u00eb prokuror politik n\u00ebn urdhrat e kryeministrit Edi Rama. Noka tha se, SPAK po mbyll syt\u00eb p\u00ebrball\u00eb shkeljeve flagrante ligjore p\u00ebr q\u00ebllime elektorale. Duke iu referuar raportit t\u00eb OSBE\/ODIHR-it, ai deklaroi se, qeveria &hellip;<\/p>\n","protected":false},"author":4,"featured_media":115843,"comment_status":"closed","ping_status":"closed","sticky":false,"template":"","format":"standard","meta":{"footnotes":""},"categories":[37],"tags":[],"class_list":["post-126708","post","type-post","status-publish","format-standard","has-post-thumbnail","","category-politike"],"_links":{"self":[{"href":"https:\/\/rdnews.al\/index.php\/wp-json\/wp\/v2\/posts\/126708","targetHints":{"allow":["GET"]}}],"collection":[{"href":"https:\/\/rdnews.al\/index.php\/wp-json\/wp\/v2\/posts"}],"about":[{"href":"https:\/\/rdnews.al\/index.php\/wp-json\/wp\/v2\/types\/post"}],"author":[{"embeddable":true,"href":"https:\/\/rdnews.al\/index.php\/wp-json\/wp\/v2\/users\/4"}],"replies":[{"embeddable":true,"href":"https:\/\/rdnews.al\/index.php\/wp-json\/wp\/v2\/comments?post=126708"}],"version-history":[{"count":1,"href":"https:\/\/rdnews.al\/index.php\/wp-json\/wp\/v2\/posts\/126708\/revisions"}],"predecessor-version":[{"id":126711,"href":"https:\/\/rdnews.al\/index.php\/wp-json\/wp\/v2\/posts\/126708\/revisions\/126711"}],"wp:featuredmedia":[{"embeddable":true,"href":"https:\/\/rdnews.al\/index.php\/wp-json\/wp\/v2\/media\/115843"}],"wp:attachment":[{"href":"https:\/\/rdnews.al\/index.php\/wp-json\/wp\/v2\/media?parent=126708"}],"wp:term":[{"taxonomy":"category","embeddable":true,"href":"https:\/\/rdnews.al\/index.php\/wp-json\/wp\/v2\/categories?post=126708"},{"taxonomy":"post_tag","embeddable":true,"href":"https:\/\/rdnews.al\/index.php\/wp-json\/wp\/v2\/tags?post=126708"}],"curies":[{"name":"wp","href":"https:\/\/api.w.org\/{rel}","templated":true}]}}