{"id":126714,"date":"2025-10-27T19:26:40","date_gmt":"2025-10-27T19:26:40","guid":{"rendered":"https:\/\/rdnews.al\/?p=126714"},"modified":"2025-10-27T19:31:25","modified_gmt":"2025-10-27T19:31:25","slug":"berisha-lexon-mesazhin-altin-dumani-ka-bere-nje-ujdi-per-5-milione-euro-ne-lidhje-me-dosjen-e-kreshnik-farrukut-nga-manza","status":"publish","type":"post","link":"https:\/\/rdnews.al\/index.php\/2025\/10\/27\/berisha-lexon-mesazhin-altin-dumani-ka-bere-nje-ujdi-per-5-milione-euro-ne-lidhje-me-dosjen-e-kreshnik-farrukut-nga-manza\/","title":{"rendered":"Super i k\u00ebrkuari nga Italia u lirua nga burgu\/ Berisha: Pazari i Dumanit p\u00ebr 5 milion\u00eb euro p\u00ebr ta liruar&#8230;"},"content":{"rendered":"<p>Kryetari i PD, Sali Berisha, ka deklaruar n\u00eb sall\u00ebn e parlamentit me nj\u00eb deklarat\u00eb t\u00eb fort\u00eb, duke lexuar publikisht nj\u00eb mesazh q\u00eb, sipas tij, i \u00ebsht\u00eb d\u00ebrguar nga nj\u00eb qytetar dhe q\u00eb p\u00ebrmban akuza t\u00eb r\u00ebnda ndaj kreut t\u00eb SPAK, Altin Dumani.<\/p>\n<p>Sipas mesazhit t\u00eb lexuar nga Berisha, Dumani akuzohet p\u00ebr nj\u00eb \u2018ujdi prej 5 milion\u00eb eurosh\u2019 n\u00eb lidhje me dosjen e shtetasit Kreshnik Farruku nga Manza, i cili, sipas mesazhit, \u00ebsht\u00eb i p\u00ebrfshir\u00eb n\u00eb hetime nd\u00ebrkomb\u00ebtare p\u00ebr trafik droge.<\/p>\n<p>Farruku u arrestua m\u00eb 11 janar 2025 nga forcat RENEA n\u00eb Manz\u00eb, Durr\u00ebs, me urdh\u00ebr t\u00eb SPAK-ut dhe n\u00eb bashk\u00ebpunim me Prokurorin\u00eb e Firences, p\u00ebr q\u00ebllime ekstradimi n\u00eb Itali. M\u00eb 2 prill 2025, Gjykata e Posa\u00e7me p\u00ebr Korrupsionin dhe Krimin e Organizuar (GJKKO) vendosi t\u00eb revokoj\u00eb mas\u00ebn e siguris\u00eb &#8216;arrest n\u00eb burg&#8217; ndaj Farrukut.<\/p>\n<p><strong>Berisha: <\/strong>S\u00eb fundmi, meqen\u00ebse ia mbathi, se ju u ka n\u00eb dor\u00eb ai t\u00eb gjith\u00ebve, m\u00ebkatar\u00eb, tani un\u00eb do lexoj mesazhin e nj\u00eb qytetari p\u00ebr t\u00eb.<\/p>\n<p>\u2018Doktor, mir\u00ebmbr\u00ebma. Nj\u00eb burim nga prokuroria m\u00eb informon sonte n\u00eb lidhje me nj\u00eb \u00e7\u00ebshtje n\u00eb proces hetimi. Altin Dumani ka b\u00ebr\u00eb nj\u00eb ujdi p\u00ebr 5 milion\u00eb euro n\u00eb lidhje me dosjen e shtetasit Kreshnik Farruku nga Manza, Durr\u00ebs, mik, bashk\u00ebpun\u00ebtor i Xhevdet Troplinit dhe Elvis Troplinit.<\/p>\n<p>Ky shtetas ka nj\u00eb procedim n\u00eb shtetin italian p\u00ebr tre episode. N\u00eb Savona, n\u00eb Gjenoa, n\u00eb Ankona ku jan\u00eb kapur sasi t\u00eb m\u00ebdha kokaine.<\/p>\n<p>P\u00ebr k\u00ebt\u00eb fakt ka dhe procedim penal n\u00eb shtetin italian dhe gjykata e Durr\u00ebsit i ka vendosur mas\u00eb sigurimi p\u00ebr ekstradim.<\/p>\n<p>M\u00eb pas, Spaku pas 5 milion\u00ebshit, ka filluar procedimin p\u00ebr t\u00eb nj\u00ebjtat fakte t\u00eb ndodhura n\u00eb shtetin italian dhe i vendos mas\u00eb sigurimi.<\/p>\n<p>Me dat\u00ebn 11.5.2025, Gjykata e Lart\u00eb, kundrejt nj\u00eb shume t\u00eb lart\u00eb parash, ia heq mas\u00ebn e arrestit dhe e le me detyrim paraqitje.<\/p>\n<p>Dumani ka premtuar q\u00eb t\u2019i kaloj\u00eb p\u00ebrgjegj\u00ebsin\u00eb v\u00ebllait t\u00eb tij duke i manipuluar telefonatat e kriptuara dhe duke ia atribuuar v\u00ebllait t\u00eb tij.<\/p>\n<p>Shuma e ujdis\u00eb do konvertohet n\u00eb gur\u00eb t\u00eb \u00e7muar, diamante.<\/p>\n<p>Personi ku investon t\u00eb ardhurat Dumani \u00ebsht\u00eb daja i bashk\u00ebshortes, Anton Pango, person me precedent penal\u2019.<\/p>\n<p>S\u00eb fundmi, Eriona Daupaj: Do ta \u00e7oj\u00eb p\u00ebr sekuestrim, nuk do i b\u00ebj\u00eb nder Ball\u00ebs. Po e \u00e7oi p\u00ebr sekuestrim, komplikohet puna se do ia marrin.<\/p>\n<p>Vladi, Toyota Yaris gjithmon\u00eb: Mir\u00ebmbr\u00ebma o shoku, ku e paskan sjell\u00eb?<\/p>\n<p><strong>Ridvan \u00c7ela:<\/strong>\u00a0Ka k\u00ebto dit\u00eb, po m\u00eb pyet, do jet\u00eb prap\u00eb Balla apo thjesht ti?<\/p>\n<p><strong>Vladi:<\/strong>\u00a0Okej se flas un\u00eb, por t\u00eb na tregoj\u00eb m\u00ebnyr\u00ebn si do e mbyll\u00eb. (P\u00ebr Ball\u00ebn e ka fjal\u00ebn)<\/p>\n<p><strong>Ridvan \u00c7ela:<\/strong>\u00a0Nga Tao, Tao, dhe thot\u00eb se i ka n\u00eb rregull letrat.<\/p>\n<p><strong>Daupaj:<\/strong>\u00a0Kishte t\u00eb drejt\u00eb ajo bundra.<\/p>\n<p>(Ajo \u00ebsht\u00eb shoqja e tij, jo bashk\u00ebshortja. Mos m\u00eb b\u00ebj ta them emrin k\u00ebtu. Se ia them emrin, e di un\u00eb kush \u00ebsht\u00eb ajo).<\/p>\n<p>Nuk duhej toleruar q\u00eb n\u00eb fillim. Ajo ku do shkoj\u00eb ai, do ia djegin letrat me benzin\u00eb.<\/p>\n<p><strong>Ridvan \u00c7ela:<\/strong>\u00a0Se bundra luan edhe me Taon. (Bundra, e di vet\u00eb ti kush \u00ebsht\u00eb).<\/p>\n","protected":false},"excerpt":{"rendered":"<p>Kryetari i PD, Sali Berisha, ka deklaruar n\u00eb sall\u00ebn e parlamentit me nj\u00eb deklarat\u00eb t\u00eb fort\u00eb, duke lexuar publikisht nj\u00eb mesazh q\u00eb, sipas tij, i \u00ebsht\u00eb d\u00ebrguar nga nj\u00eb qytetar dhe q\u00eb p\u00ebrmban akuza t\u00eb r\u00ebnda ndaj kreut t\u00eb SPAK, Altin Dumani. Sipas mesazhit t\u00eb lexuar nga Berisha, Dumani akuzohet p\u00ebr nj\u00eb \u2018ujdi prej 5 &hellip;<\/p>\n","protected":false},"author":4,"featured_media":126715,"comment_status":"closed","ping_status":"closed","sticky":false,"template":"","format":"standard","meta":{"footnotes":""},"categories":[37],"tags":[],"class_list":["post-126714","post","type-post","status-publish","format-standard","has-post-thumbnail","","category-politike"],"_links":{"self":[{"href":"https:\/\/rdnews.al\/index.php\/wp-json\/wp\/v2\/posts\/126714","targetHints":{"allow":["GET"]}}],"collection":[{"href":"https:\/\/rdnews.al\/index.php\/wp-json\/wp\/v2\/posts"}],"about":[{"href":"https:\/\/rdnews.al\/index.php\/wp-json\/wp\/v2\/types\/post"}],"author":[{"embeddable":true,"href":"https:\/\/rdnews.al\/index.php\/wp-json\/wp\/v2\/users\/4"}],"replies":[{"embeddable":true,"href":"https:\/\/rdnews.al\/index.php\/wp-json\/wp\/v2\/comments?post=126714"}],"version-history":[{"count":4,"href":"https:\/\/rdnews.al\/index.php\/wp-json\/wp\/v2\/posts\/126714\/revisions"}],"predecessor-version":[{"id":126719,"href":"https:\/\/rdnews.al\/index.php\/wp-json\/wp\/v2\/posts\/126714\/revisions\/126719"}],"wp:featuredmedia":[{"embeddable":true,"href":"https:\/\/rdnews.al\/index.php\/wp-json\/wp\/v2\/media\/126715"}],"wp:attachment":[{"href":"https:\/\/rdnews.al\/index.php\/wp-json\/wp\/v2\/media?parent=126714"}],"wp:term":[{"taxonomy":"category","embeddable":true,"href":"https:\/\/rdnews.al\/index.php\/wp-json\/wp\/v2\/categories?post=126714"},{"taxonomy":"post_tag","embeddable":true,"href":"https:\/\/rdnews.al\/index.php\/wp-json\/wp\/v2\/tags?post=126714"}],"curies":[{"name":"wp","href":"https:\/\/api.w.org\/{rel}","templated":true}]}}