{"id":126720,"date":"2025-10-27T19:34:03","date_gmt":"2025-10-27T19:34:03","guid":{"rendered":"https:\/\/rdnews.al\/?p=126720"},"modified":"2025-10-27T19:34:03","modified_gmt":"2025-10-27T19:34:03","slug":"berisha-nderi-qe-me-beri-dumani-ishte-vetingu-30-vjecar-sot-jam-i-vetmi-shqiptar-me-nje-veting-te-plote-nga-armiqte-e-mi","status":"publish","type":"post","link":"https:\/\/rdnews.al\/index.php\/2025\/10\/27\/berisha-nderi-qe-me-beri-dumani-ishte-vetingu-30-vjecar-sot-jam-i-vetmi-shqiptar-me-nje-veting-te-plote-nga-armiqte-e-mi\/","title":{"rendered":"Berisha: Nderi q\u00eb m\u00eb b\u00ebri Dumani ishte vetingu 30-vje\u00e7ar, sot jam i vetmi shqiptar me nj\u00eb veting t\u00eb plot\u00eb nga armiqt\u00eb e mi"},"content":{"rendered":"<p>Kryetari i PD, Sali Berisha u \u00ebsht\u00eb p\u00ebrgjigjur akuzave t\u00eb deputet\u00ebve t\u00eb Edi Ram\u00ebs. Ai u shpreh se, i vetmi nder q\u00eb i ka b\u00ebr\u00eb Altin Dumani \u00ebsht\u00eb vetingu 30-vje\u00e7ar nga armiqt\u00eb.<\/p>\n<p>\u201cNderi q\u00eb m\u00eb b\u00ebri mua ishte vetingu 30-vje\u00e7ar dhe un\u00eb vij k\u00ebtu sot i vetmi shqiptar me nj\u00eb veting t\u00eb plot\u00eb nga armiqt\u00eb e mi. \u00c7far\u00eb tregoi ky veting?<\/p>\n<p>Ky veting tregoi se 54 vite bashk\u00eb me bashk\u00ebshorten time, disponoja 100 mij\u00eb euro dhe nj\u00eb apartament 47 met\u00ebr m\u00eb t\u00eb madh se at\u00eb q\u00eb kisha n\u00eb diktatur\u00eb\u201d, tha Berisha.<\/p>\n<p><strong>Replika e kreut t\u00eb PD, Berisha:<\/strong><\/p>\n<p>Njeriu q\u00eb fle n\u00eb k\u00ebmb\u00eb, nuk harxhoj koh\u00eb me t\u00eb.<\/p>\n<p>Por p\u00ebr qytetar\u00ebt duhet t\u00eb qart\u00ebsoj se n\u00eb vitin 2015, nd\u00ebrhyrja e qeveris\u00eb n\u00eb vendimet civile, Shqip\u00ebria renditej n\u00eb vendin e 64, sot \u00ebsht\u00eb p\u00ebrkeq\u00ebsuar dyfish, renditet n\u00eb vendin e 110 m\u00eb keq.<\/p>\n<p>P\u00ebr nd\u00ebrhyrjen e qeveris\u00eb n\u00eb vendimet penale, pra p\u00ebr telefonatat e Edi Ram\u00ebs tek Altin Troplini, n\u00eb vitin 2015 ishte n\u00eb vendin e 62, sot \u00ebsht\u00eb n\u00eb vendin e 106, \u00ebsht\u00eb p\u00ebrkeq\u00ebsuar pra me 100 p\u00ebrqind.<\/p>\n<p>Dhe p\u00ebrpiqeni t\u00eb mburreni me p\u00ebrmbysjen e nj\u00eb standardi.<\/p>\n<p>Tani, p\u00ebr sa i p\u00ebrket atyre q\u00eb the, \u00e7\u2019\u00ebsht\u00eb e v\u00ebrteta, nuk mund t\u00eb mohoj se nj\u00eb nder ma ka b\u00ebr\u00eb ai mua, t\u00eb jem i sinqert\u00eb me ju.<\/p>\n<p>Nderi q\u00eb m\u00eb b\u00ebri mua ishte vetingu 30-vje\u00e7ar dhe un\u00eb vij k\u00ebtu sot i vetmi shqiptar me nj\u00eb veting t\u00eb plot\u00eb nga armiqt\u00eb e mi.<\/p>\n<p>\u00c7far\u00eb tregoi ky veting?<\/p>\n<p>Ky veting tregoi se 54 vite bashk\u00eb me bashk\u00ebshorten time, disponoja 100 mij\u00eb euro dhe nj\u00eb apartament 47 met\u00ebr m\u00eb t\u00eb madh se at\u00eb q\u00eb kisha n\u00eb diktatur\u00eb.<\/p>\n<p>P\u00ebrfundoi akuz\u00eb p\u00ebr korrupsion p\u00ebr nj\u00eb jav\u00eb vakanc\u00eb q\u00eb vajza ime ka paguar p\u00ebr mua dhe i ka deklaruar. Dy fatura sh\u00ebndet\u00ebsore p\u00ebr mua dhe n\u00ebn\u00ebn e vet q\u00eb i ka deklaruar.<\/p>\n<p>P\u00ebrfundoi, dhe k\u00ebt\u00eb do e them, u garantoj se as prokurorit\u00eb naziste dhe as staliniste nuk do e b\u00ebnin, p\u00ebrfundoi korrupsion pagesa q\u00eb dh\u00ebndri dhe vajza ime kan\u00eb b\u00ebr\u00eb p\u00ebr 3 familje n\u00eb nevoj\u00eb q\u00eb trajtojn\u00eb f\u00ebmij\u00ebt e tyre n\u00eb qendr\u00ebn e autizmit q\u00eb gruaja ime e kryeson prej 20 vitesh pa asnj\u00eb qindark\u00eb p\u00ebrfitimi.<\/p>\n<p>Jo vet\u00ebm kaq, por publikuan emrat, ja ai, ai q\u00eb foli k\u00ebtu, publikoi emrat e tre f\u00ebmij\u00ebve me autiz\u00ebm k\u00ebtu, duke shkelur \u00e7do ligj dhe \u00e7do moral.<\/p>\n<p>Por ju jeni t\u00eb gatsh\u00ebm q\u00eb t\u00eb b\u00ebni nga nj\u00eb bust n\u00eb miniatur\u00eb dhe ta mbani se \u00ebsht\u00eb shp\u00ebtimtari juaj gjersa ne t\u2019u japim vendin q\u00eb meritoni.<\/p>\n","protected":false},"excerpt":{"rendered":"<p>Kryetari i PD, Sali Berisha u \u00ebsht\u00eb p\u00ebrgjigjur akuzave t\u00eb deputet\u00ebve t\u00eb Edi Ram\u00ebs. Ai u shpreh se, i vetmi nder q\u00eb i ka b\u00ebr\u00eb Altin Dumani \u00ebsht\u00eb vetingu 30-vje\u00e7ar nga armiqt\u00eb. \u201cNderi q\u00eb m\u00eb b\u00ebri mua ishte vetingu 30-vje\u00e7ar dhe un\u00eb vij k\u00ebtu sot i vetmi shqiptar me nj\u00eb veting t\u00eb plot\u00eb nga armiqt\u00eb &hellip;<\/p>\n","protected":false},"author":4,"featured_media":126721,"comment_status":"closed","ping_status":"closed","sticky":false,"template":"","format":"standard","meta":{"footnotes":""},"categories":[37],"tags":[],"class_list":["post-126720","post","type-post","status-publish","format-standard","has-post-thumbnail","","category-politike"],"_links":{"self":[{"href":"https:\/\/rdnews.al\/index.php\/wp-json\/wp\/v2\/posts\/126720","targetHints":{"allow":["GET"]}}],"collection":[{"href":"https:\/\/rdnews.al\/index.php\/wp-json\/wp\/v2\/posts"}],"about":[{"href":"https:\/\/rdnews.al\/index.php\/wp-json\/wp\/v2\/types\/post"}],"author":[{"embeddable":true,"href":"https:\/\/rdnews.al\/index.php\/wp-json\/wp\/v2\/users\/4"}],"replies":[{"embeddable":true,"href":"https:\/\/rdnews.al\/index.php\/wp-json\/wp\/v2\/comments?post=126720"}],"version-history":[{"count":1,"href":"https:\/\/rdnews.al\/index.php\/wp-json\/wp\/v2\/posts\/126720\/revisions"}],"predecessor-version":[{"id":126723,"href":"https:\/\/rdnews.al\/index.php\/wp-json\/wp\/v2\/posts\/126720\/revisions\/126723"}],"wp:featuredmedia":[{"embeddable":true,"href":"https:\/\/rdnews.al\/index.php\/wp-json\/wp\/v2\/media\/126721"}],"wp:attachment":[{"href":"https:\/\/rdnews.al\/index.php\/wp-json\/wp\/v2\/media?parent=126720"}],"wp:term":[{"taxonomy":"category","embeddable":true,"href":"https:\/\/rdnews.al\/index.php\/wp-json\/wp\/v2\/categories?post=126720"},{"taxonomy":"post_tag","embeddable":true,"href":"https:\/\/rdnews.al\/index.php\/wp-json\/wp\/v2\/tags?post=126720"}],"curies":[{"name":"wp","href":"https:\/\/api.w.org\/{rel}","templated":true}]}}