{"id":126725,"date":"2025-10-27T20:11:07","date_gmt":"2025-10-27T20:11:07","guid":{"rendered":"https:\/\/rdnews.al\/?p=126725"},"modified":"2025-10-27T20:11:07","modified_gmt":"2025-10-27T20:11:07","slug":"ahmetaj-drejtesia-e-rames-ka-deshtuar-kush-eshte-armik-i-tij-terhiqet-zvarre","status":"publish","type":"post","link":"https:\/\/rdnews.al\/index.php\/2025\/10\/27\/ahmetaj-drejtesia-e-rames-ka-deshtuar-kush-eshte-armik-i-tij-terhiqet-zvarre\/","title":{"rendered":"Ahmetaj: Drejt\u00ebsia e Ram\u00ebs ka d\u00ebshtuar! Kush \u00ebsht\u00eb armik i tij t\u00ebrhiqet zvarr\u00eb!"},"content":{"rendered":"<p>Ish-zv.kryeministri Arben Ahmetaj ka reaguar mbr\u00ebmjen e sotme pas\u00a0<a href=\"https:\/\/boldnews.al\/2025\/10\/27\/dumani-ahmetaj-i-mirepritur-nese-do-te-behet-bashkepunetor-i-drejtesise\/\" target=\"_blank\" rel=\"noopener\">deklaratave<\/a>\u00a0t\u00eb kreut t\u00eb SPAK, Altin Dumani, i cili gjat\u00eb raportimit n\u00eb Kuvend e cil\u00ebsoi at\u00eb person n\u00eb k\u00ebrkim nd\u00ebrkomb\u00ebtar p\u00ebr disa vepra penale.<\/p>\n<p>N\u00eb nj\u00eb intervist\u00eb \u201clive\u201d n\u00eb emisionin \u00c7im Peka Live n\u00eb Syri TV, Ahmetaj u shpreh ashp\u00ebr ndaj kreut t\u00eb Prokuroris\u00eb s\u00eb Posa\u00e7me, duke e cil\u00ebsuar si simbol t\u00eb d\u00ebshtimit t\u00eb Reform\u00ebs n\u00eb Drejt\u00ebsi.<\/p>\n<p>\u201c<em>Reforma ka d\u00ebshtuar. Altin Dumani \u00ebsht\u00eb d\u00ebshtimi i Reform\u00ebs n\u00eb Drejt\u00ebsi. Kush \u00ebsht\u00eb armik i Ram\u00ebs, t\u00ebrhiqet zvarr\u00eb<\/em>\u201d, deklaroi Ahmetaj.<\/p>\n<p>Deklarata e tij vjen pas fjal\u00ebs s\u00eb Dumanit n\u00eb Kuvend, ku ky i fundit tha se Ahmetaj \u00ebsht\u00eb shpallur n\u00eb k\u00ebrkim nd\u00ebrkomb\u00ebtar dhe se \u201cn\u00eb \u00e7do moment q\u00eb nj\u00eb subjekt d\u00ebshiron t\u00eb b\u00ebhet bashk\u00ebpun\u00ebtor i drejt\u00ebsis\u00eb, \u00ebsht\u00eb m\u00ebse i mir\u00ebpritur\u201d.<\/p>\n<p>Kujtojm\u00eb se Arben Ahmetaj akuzohet p\u00ebr korrupsion dhe pastrim parash n\u00eb lidhje me afer\u00ebn e incenerator\u00ebve dhe ndodhet jasht\u00eb vendit q\u00eb prej vitit 2023<\/p>\n","protected":false},"excerpt":{"rendered":"<p>Ish-zv.kryeministri Arben Ahmetaj ka reaguar mbr\u00ebmjen e sotme pas\u00a0deklaratave\u00a0t\u00eb kreut t\u00eb SPAK, Altin Dumani, i cili gjat\u00eb raportimit n\u00eb Kuvend e cil\u00ebsoi at\u00eb person n\u00eb k\u00ebrkim nd\u00ebrkomb\u00ebtar p\u00ebr disa vepra penale. N\u00eb nj\u00eb intervist\u00eb \u201clive\u201d n\u00eb emisionin \u00c7im Peka Live n\u00eb Syri TV, Ahmetaj u shpreh ashp\u00ebr ndaj kreut t\u00eb Prokuroris\u00eb s\u00eb Posa\u00e7me, duke e &hellip;<\/p>\n","protected":false},"author":4,"featured_media":102699,"comment_status":"closed","ping_status":"closed","sticky":false,"template":"","format":"standard","meta":{"footnotes":""},"categories":[37],"tags":[],"class_list":["post-126725","post","type-post","status-publish","format-standard","has-post-thumbnail","","category-politike"],"_links":{"self":[{"href":"https:\/\/rdnews.al\/index.php\/wp-json\/wp\/v2\/posts\/126725","targetHints":{"allow":["GET"]}}],"collection":[{"href":"https:\/\/rdnews.al\/index.php\/wp-json\/wp\/v2\/posts"}],"about":[{"href":"https:\/\/rdnews.al\/index.php\/wp-json\/wp\/v2\/types\/post"}],"author":[{"embeddable":true,"href":"https:\/\/rdnews.al\/index.php\/wp-json\/wp\/v2\/users\/4"}],"replies":[{"embeddable":true,"href":"https:\/\/rdnews.al\/index.php\/wp-json\/wp\/v2\/comments?post=126725"}],"version-history":[{"count":1,"href":"https:\/\/rdnews.al\/index.php\/wp-json\/wp\/v2\/posts\/126725\/revisions"}],"predecessor-version":[{"id":126726,"href":"https:\/\/rdnews.al\/index.php\/wp-json\/wp\/v2\/posts\/126725\/revisions\/126726"}],"wp:featuredmedia":[{"embeddable":true,"href":"https:\/\/rdnews.al\/index.php\/wp-json\/wp\/v2\/media\/102699"}],"wp:attachment":[{"href":"https:\/\/rdnews.al\/index.php\/wp-json\/wp\/v2\/media?parent=126725"}],"wp:term":[{"taxonomy":"category","embeddable":true,"href":"https:\/\/rdnews.al\/index.php\/wp-json\/wp\/v2\/categories?post=126725"},{"taxonomy":"post_tag","embeddable":true,"href":"https:\/\/rdnews.al\/index.php\/wp-json\/wp\/v2\/tags?post=126725"}],"curies":[{"name":"wp","href":"https:\/\/api.w.org\/{rel}","templated":true}]}}