{"id":126736,"date":"2025-10-28T09:21:34","date_gmt":"2025-10-28T09:21:34","guid":{"rendered":"https:\/\/rdnews.al\/?p=126736"},"modified":"2025-10-28T09:21:34","modified_gmt":"2025-10-28T09:21:34","slug":"afera-e-tunelit-te-llogarase-gazetarja-takimi-i-ballukut-ne-turqi-perfshin-edhe-ramen","status":"publish","type":"post","link":"https:\/\/rdnews.al\/index.php\/2025\/10\/28\/afera-e-tunelit-te-llogarase-gazetarja-takimi-i-ballukut-ne-turqi-perfshin-edhe-ramen\/","title":{"rendered":"Afera e tunelit t\u00eb Llogaras\u00eb, gazetarja: Takimi i Ballukut n\u00eb Turqi p\u00ebrfshin edhe Ram\u00ebn"},"content":{"rendered":"<p>Gazetarja Klodiana Lala, e ftuar n\u00eb emisionin \u201cLog.\u201d n\u00eb News24, ka zbuluar detaje t\u00eb reja lidhur me hetimet q\u00eb po zhvillon SPAK ndaj z\u00ebvend\u00ebskryeministres dhe ministres s\u00eb Infrastruktur\u00ebs, Belinda Balluku p\u00ebr \u00e7\u00ebshtjen e \u201cshkeljes s\u00eb barazis\u00eb n\u00eb tendera\u201d.<\/p>\n<p>Sipas Lal\u00ebs, SPAK ka ftuar Ballukun t\u00eb paraqitet p\u00ebr t\u00eb dh\u00ebn\u00eb shpjegime pasi hetuesit kan\u00eb krijuar bindjen se ndaj saj ekzistojn\u00eb element\u00eb q\u00eb k\u00ebrkojn\u00eb verifikim hetimor.<\/p>\n<p>\u201cKur kan\u00eb krijuar bindjen, SPAK ka ftuar zonj\u00ebn Balluku t\u00eb paraqitet. Ajo \u00ebsht\u00eb njoftuar p\u00ebrmes nj\u00eb flet\u00eb-thirrjeje p\u00ebr t\u2019u paraqitur sot n\u00eb shoq\u00ebrin\u00eb e nj\u00eb avokati, duke u v\u00ebn\u00eb n\u00eb dijeni se \u00ebsht\u00eb person n\u00ebn hetim p\u00ebr shkeljen e barazis\u00eb n\u00eb tendera\u201d, tha Lala.<\/p>\n<p>Megjithat\u00eb, sipas saj, Balluku nuk \u00ebsht\u00eb paraqitur n\u00eb dat\u00ebn e par\u00eb t\u00eb thirrjes, por ka d\u00ebrguar nj\u00eb shkres\u00eb zyrtare p\u00ebrmes avokatit t\u00eb saj, duke k\u00ebrkuar nj\u00eb dat\u00eb tjet\u00ebr p\u00ebr t\u2019u paraqitur p\u00ebrpara hetuesve t\u00eb posa\u00e7\u00ebm.<\/p>\n<p>\u201cZonja Balluku nuk u paraqit, por p\u00ebrmes nj\u00eb avokati t\u00eb p\u00ebrzgjedhur prej saj i ka d\u00ebrguar nj\u00eb shkres\u00eb SPAK, dhe \u00ebsht\u00eb caktuar nj\u00eb dat\u00eb tjet\u00ebr kur ajo do t\u00eb pyetet\u201d, shtoi gazetarja.<\/p>\n<p>N\u00eb vijim t\u00eb deklarat\u00ebs, Klodiana Lala zbuloi se hetimet p\u00ebr Ballukun jan\u00eb zgjeruar pas rekuperimit t\u00eb disa t\u00eb dh\u00ebnave nga telefoni i ish-drejtorit t\u00eb ARRSH-s\u00eb, Evis Berberi, t\u00eb realizuar me ndihm\u00ebn e ekspert\u00ebve amerikan\u00eb.<\/p>\n<p>Sipas saj, k\u00ebto t\u00eb dh\u00ebna kan\u00eb zbuluar nj\u00eb takim n\u00eb Turqi mes Ballukut, kryeministrit Edi Rama dhe dy biznesmen\u00ebve turq q\u00eb kan\u00eb fituar tenderin e tunelit t\u00eb Llogaras\u00eb &#8211; takim q\u00eb, sipas gazetares, mund t\u00eb kompromentoj\u00eb jo vet\u00ebm z\u00ebvend\u00ebskryeministren, por edhe vet\u00eb kreun e qeveris\u00eb.<\/p>\n<p>\u201cHetuesit pretendojn\u00eb se zonja Balluku, kryeministri Rama dhe dy biznesmen\u00eb turq kan\u00eb qen\u00eb n\u00eb nj\u00eb takim n\u00eb Turqi. Tenderi p\u00ebr tunelin e Llogaras\u00eb ishte fituar fillimisht nga kompania \u2018Gjoka shpk\u2019, por m\u00eb pas u anulua dhe iu dha kompanis\u00eb turke\u201d, deklaroi Lala, duke shtuar se pas deklaratave t\u00eb ish-ministrit Arben Ahmetaj, fotot e k\u00ebtij takimi jan\u00eb fshir\u00eb nga rrjetet sociale.<\/p>\n","protected":false},"excerpt":{"rendered":"<p>Gazetarja Klodiana Lala, e ftuar n\u00eb emisionin \u201cLog.\u201d n\u00eb News24, ka zbuluar detaje t\u00eb reja lidhur me hetimet q\u00eb po zhvillon SPAK ndaj z\u00ebvend\u00ebskryeministres dhe ministres s\u00eb Infrastruktur\u00ebs, Belinda Balluku p\u00ebr \u00e7\u00ebshtjen e \u201cshkeljes s\u00eb barazis\u00eb n\u00eb tendera\u201d. Sipas Lal\u00ebs, SPAK ka ftuar Ballukun t\u00eb paraqitet p\u00ebr t\u00eb dh\u00ebn\u00eb shpjegime pasi hetuesit kan\u00eb krijuar bindjen &hellip;<\/p>\n","protected":false},"author":4,"featured_media":126593,"comment_status":"closed","ping_status":"closed","sticky":false,"template":"","format":"standard","meta":{"footnotes":""},"categories":[37],"tags":[],"class_list":["post-126736","post","type-post","status-publish","format-standard","has-post-thumbnail","","category-politike"],"_links":{"self":[{"href":"https:\/\/rdnews.al\/index.php\/wp-json\/wp\/v2\/posts\/126736","targetHints":{"allow":["GET"]}}],"collection":[{"href":"https:\/\/rdnews.al\/index.php\/wp-json\/wp\/v2\/posts"}],"about":[{"href":"https:\/\/rdnews.al\/index.php\/wp-json\/wp\/v2\/types\/post"}],"author":[{"embeddable":true,"href":"https:\/\/rdnews.al\/index.php\/wp-json\/wp\/v2\/users\/4"}],"replies":[{"embeddable":true,"href":"https:\/\/rdnews.al\/index.php\/wp-json\/wp\/v2\/comments?post=126736"}],"version-history":[{"count":1,"href":"https:\/\/rdnews.al\/index.php\/wp-json\/wp\/v2\/posts\/126736\/revisions"}],"predecessor-version":[{"id":126737,"href":"https:\/\/rdnews.al\/index.php\/wp-json\/wp\/v2\/posts\/126736\/revisions\/126737"}],"wp:featuredmedia":[{"embeddable":true,"href":"https:\/\/rdnews.al\/index.php\/wp-json\/wp\/v2\/media\/126593"}],"wp:attachment":[{"href":"https:\/\/rdnews.al\/index.php\/wp-json\/wp\/v2\/media?parent=126736"}],"wp:term":[{"taxonomy":"category","embeddable":true,"href":"https:\/\/rdnews.al\/index.php\/wp-json\/wp\/v2\/categories?post=126736"},{"taxonomy":"post_tag","embeddable":true,"href":"https:\/\/rdnews.al\/index.php\/wp-json\/wp\/v2\/tags?post=126736"}],"curies":[{"name":"wp","href":"https:\/\/api.w.org\/{rel}","templated":true}]}}