{"id":126741,"date":"2025-10-28T09:53:41","date_gmt":"2025-10-28T09:53:41","guid":{"rendered":"https:\/\/rdnews.al\/?p=126741"},"modified":"2025-10-28T09:55:57","modified_gmt":"2025-10-28T09:55:57","slug":"balluku-ne-durres-prezanton-drejtorin-e-portit-spak-e-pret-per-ti-komunikuar-akuzat","status":"publish","type":"post","link":"https:\/\/rdnews.al\/index.php\/2025\/10\/28\/balluku-ne-durres-prezanton-drejtorin-e-portit-spak-e-pret-per-ti-komunikuar-akuzat\/","title":{"rendered":"Balluku n\u00eb Durr\u00ebs prezanton drejtorin e portit, SPAK e pret p\u00ebr t\u2019i komunikuar akuzat!"},"content":{"rendered":"<p>Belinda Balluku, z\u00ebvend\u00ebskryeministre dhe nj\u00ebher\u00ebsh minist\u00ebr p\u00ebr Infrastruktur\u00ebn dhe Energjin\u00eb \u00ebsht\u00eb n\u00ebn hetim nga SPAK. Ajo \u00ebsht\u00eb thirrur t\u00eb paraqitet n\u00eb Prokurorin\u00eb e Posa\u00e7me e shoq\u00ebruar me nj\u00eb avokat, p\u00ebr t\u2019i komunikuar akuzat.<\/p>\n<p>Thirrjes s\u00eb par\u00eb q\u00eb t\u00eb paraqitej dit\u00ebn e h\u00ebn\u00eb ajo nuk iu p\u00ebrgjigj, pasi ndodhej jasht\u00eb vendit, por p\u00ebr t\u00eb ka nj\u00eb tjet\u00ebr flet\u00ebthirrje q\u00eb t\u00eb paraqitet dit\u00ebn e premte n\u00eb SPAK.<\/p>\n<p>Por sot, Balluku \u00ebsht\u00eb shfaqur n\u00eb Durr\u00ebs, ku ka prezantuar drejtorin e ri t\u00eb Portit t\u00eb Durr\u00ebsit, Liburn Aliu, ish minist\u00ebr i Kosov\u00ebs n\u00eb qeverin\u00eb e Albin Kurtit.<\/p>\n<p>Ftesa p\u00ebr paraqitje mban firm\u00ebn e prokurorit t\u00eb posa\u00e7\u00ebm Dritan Pren\u00e7i, i cili ka k\u00ebrkuar q\u00eb z\u00ebvend\u00ebskryeministrja t\u00eb jet\u00eb e asistuar nga nj\u00eb avokat, nj\u00eb praktik\u00eb q\u00eb n\u00ebnkupton se ndaj saj mund t\u00eb komunikohet zyrtarisht nj\u00eb akuz\u00eb penale.<\/p>\n<p>Kreu SPAK, Altin Dumani, u pyet dje n\u00eb Kuvend lidhur me kall\u00ebzimet penale t\u00eb depozituara ndaj z\u00ebvend\u00ebskryeministres dhe ministres s\u00eb Infrastruktur\u00ebs dhe Energjis\u00eb, Belinda Balluku.<\/p>\n<p>Deputet\u00ebt e opozit\u00ebs pyet\u00ebn n\u00ebse SPAK po heton disa dosje q\u00eb lidhen me Ballukun, p\u00ebrfshir\u00eb \u00e7\u00ebshtjet mbi shitblerjen e energjis\u00eb, projektet e rrug\u00ebve, parqet fotovoltaike, tunelin e Llogaras\u00eb, si edhe termocentralet \u201cTigri 1\u201d dhe \u201cTigri 3\u201d.<\/p>\n<p>N\u00eb p\u00ebrgjigjen e tij, Dumani deklaroi se p\u00ebr sa koh\u00eb \u00e7\u00ebshtjet ndodhen n\u00eb faz\u00ebn e hetimit paraprak, nuk mund t\u00eb jepen detaje apo informacione p\u00ebr ecurin\u00eb e tyre, por tha se inkurajon prokurorin Dritan Pren\u00e7i.<\/p>\n","protected":false},"excerpt":{"rendered":"<p>Belinda Balluku, z\u00ebvend\u00ebskryeministre dhe nj\u00ebher\u00ebsh minist\u00ebr p\u00ebr Infrastruktur\u00ebn dhe Energjin\u00eb \u00ebsht\u00eb n\u00ebn hetim nga SPAK. Ajo \u00ebsht\u00eb thirrur t\u00eb paraqitet n\u00eb Prokurorin\u00eb e Posa\u00e7me e shoq\u00ebruar me nj\u00eb avokat, p\u00ebr t\u2019i komunikuar akuzat. Thirrjes s\u00eb par\u00eb q\u00eb t\u00eb paraqitej dit\u00ebn e h\u00ebn\u00eb ajo nuk iu p\u00ebrgjigj, pasi ndodhej jasht\u00eb vendit, por p\u00ebr t\u00eb ka nj\u00eb &hellip;<\/p>\n","protected":false},"author":4,"featured_media":126744,"comment_status":"closed","ping_status":"closed","sticky":false,"template":"","format":"standard","meta":{"footnotes":""},"categories":[37],"tags":[],"class_list":["post-126741","post","type-post","status-publish","format-standard","has-post-thumbnail","","category-politike"],"_links":{"self":[{"href":"https:\/\/rdnews.al\/index.php\/wp-json\/wp\/v2\/posts\/126741","targetHints":{"allow":["GET"]}}],"collection":[{"href":"https:\/\/rdnews.al\/index.php\/wp-json\/wp\/v2\/posts"}],"about":[{"href":"https:\/\/rdnews.al\/index.php\/wp-json\/wp\/v2\/types\/post"}],"author":[{"embeddable":true,"href":"https:\/\/rdnews.al\/index.php\/wp-json\/wp\/v2\/users\/4"}],"replies":[{"embeddable":true,"href":"https:\/\/rdnews.al\/index.php\/wp-json\/wp\/v2\/comments?post=126741"}],"version-history":[{"count":1,"href":"https:\/\/rdnews.al\/index.php\/wp-json\/wp\/v2\/posts\/126741\/revisions"}],"predecessor-version":[{"id":126743,"href":"https:\/\/rdnews.al\/index.php\/wp-json\/wp\/v2\/posts\/126741\/revisions\/126743"}],"wp:featuredmedia":[{"embeddable":true,"href":"https:\/\/rdnews.al\/index.php\/wp-json\/wp\/v2\/media\/126744"}],"wp:attachment":[{"href":"https:\/\/rdnews.al\/index.php\/wp-json\/wp\/v2\/media?parent=126741"}],"wp:term":[{"taxonomy":"category","embeddable":true,"href":"https:\/\/rdnews.al\/index.php\/wp-json\/wp\/v2\/categories?post=126741"},{"taxonomy":"post_tag","embeddable":true,"href":"https:\/\/rdnews.al\/index.php\/wp-json\/wp\/v2\/tags?post=126741"}],"curies":[{"name":"wp","href":"https:\/\/api.w.org\/{rel}","templated":true}]}}