{"id":126745,"date":"2025-10-28T10:00:04","date_gmt":"2025-10-28T10:00:04","guid":{"rendered":"https:\/\/rdnews.al\/?p=126745"},"modified":"2025-10-28T11:17:50","modified_gmt":"2025-10-28T11:17:50","slug":"kurti-ne-shba-po-perpiqem-te-edukoj-ramen","status":"publish","type":"post","link":"https:\/\/rdnews.al\/index.php\/2025\/10\/28\/kurti-ne-shba-po-perpiqem-te-edukoj-ramen\/","title":{"rendered":"Kurti p\u00ebr Ram\u00ebn\/ Dallimi im prej tij \u00ebsht\u00eb q\u00ebndrimi ndaj Serbis\u00eb"},"content":{"rendered":"<p>Kryeministri i Kosov\u00ebs, Albin Kurti n\u00eb nj\u00eb bashk\u00ebbisedim me shqiptar\u00ebt n\u00eb Federat\u00ebn Pan-Shqiptare VATRA n\u00eb New York ka folur p\u00ebr marr\u00ebdh\u00ebnien e tij me homologun e tij shqiptar, Edi Rama. Kurti gjat\u00eb fjal\u00ebs s\u00eb tij u shpreh se ai po p\u00ebrpiqet q\u00eb t\u00eb \u201cedukoj\u00eb\u201d Ram\u00ebn dhe aleat\u00ebt nd\u00ebrkomb\u00ebtar\u00eb.<\/p>\n<p>Ai theksoi se dallimet me Ram\u00ebn, ashtu si me nd\u00ebrkomb\u00ebtar\u00ebt kan\u00eb t\u00eb b\u00ebjn\u00eb rreth q\u00ebndrimit karshi Serbis\u00eb.<\/p>\n<p>\u201cUn\u00eb kam dallime me kryeministrin Rama, kam dallime jo rrall\u00eb edhe me partner\u00ebt tan\u00eb. Por n\u00eb p\u00ebrgjith\u00ebsi, mund t\u00eb them q\u00eb k\u00ebto dallime kan\u00eb t\u00eb b\u00ebjn\u00eb p\u00ebr q\u00ebndrimin karshi Beogradit zyrtar. Aty dallojm\u00eb. K\u00ebtu po dallojm\u00eb. Nuk mund ta fsheh k\u00ebt\u00eb gj\u00eb.<\/p>\n<p>Un\u00eb p\u00ebrpiqem q\u00eb t\u2019i informoj e t\u2019i formoj e t\u2019i edukoj me t\u00eb gjitha aft\u00ebsit\u00eb e mia, por ato nuk jan\u00eb t\u00eb pakufishme. Prandaj, dallimet q\u00eb i kemi, i kemi vet\u00ebm sa i p\u00ebrket q\u00ebndrimeve dhe qasjeve tona karshi Serbis\u00eb\u201d,\u00a0tha ai.<\/p>\n<p>&nbsp;<\/p>\n","protected":false},"excerpt":{"rendered":"<p>Kryeministri i Kosov\u00ebs, Albin Kurti n\u00eb nj\u00eb bashk\u00ebbisedim me shqiptar\u00ebt n\u00eb Federat\u00ebn Pan-Shqiptare VATRA n\u00eb New York ka folur p\u00ebr marr\u00ebdh\u00ebnien e tij me homologun e tij shqiptar, Edi Rama. Kurti gjat\u00eb fjal\u00ebs s\u00eb tij u shpreh se ai po p\u00ebrpiqet q\u00eb t\u00eb \u201cedukoj\u00eb\u201d Ram\u00ebn dhe aleat\u00ebt nd\u00ebrkomb\u00ebtar\u00eb. Ai theksoi se dallimet me Ram\u00ebn, ashtu &hellip;<\/p>\n","protected":false},"author":4,"featured_media":37638,"comment_status":"closed","ping_status":"closed","sticky":false,"template":"","format":"standard","meta":{"footnotes":""},"categories":[37],"tags":[],"class_list":["post-126745","post","type-post","status-publish","format-standard","has-post-thumbnail","","category-politike"],"_links":{"self":[{"href":"https:\/\/rdnews.al\/index.php\/wp-json\/wp\/v2\/posts\/126745","targetHints":{"allow":["GET"]}}],"collection":[{"href":"https:\/\/rdnews.al\/index.php\/wp-json\/wp\/v2\/posts"}],"about":[{"href":"https:\/\/rdnews.al\/index.php\/wp-json\/wp\/v2\/types\/post"}],"author":[{"embeddable":true,"href":"https:\/\/rdnews.al\/index.php\/wp-json\/wp\/v2\/users\/4"}],"replies":[{"embeddable":true,"href":"https:\/\/rdnews.al\/index.php\/wp-json\/wp\/v2\/comments?post=126745"}],"version-history":[{"count":5,"href":"https:\/\/rdnews.al\/index.php\/wp-json\/wp\/v2\/posts\/126745\/revisions"}],"predecessor-version":[{"id":126756,"href":"https:\/\/rdnews.al\/index.php\/wp-json\/wp\/v2\/posts\/126745\/revisions\/126756"}],"wp:featuredmedia":[{"embeddable":true,"href":"https:\/\/rdnews.al\/index.php\/wp-json\/wp\/v2\/media\/37638"}],"wp:attachment":[{"href":"https:\/\/rdnews.al\/index.php\/wp-json\/wp\/v2\/media?parent=126745"}],"wp:term":[{"taxonomy":"category","embeddable":true,"href":"https:\/\/rdnews.al\/index.php\/wp-json\/wp\/v2\/categories?post=126745"},{"taxonomy":"post_tag","embeddable":true,"href":"https:\/\/rdnews.al\/index.php\/wp-json\/wp\/v2\/tags?post=126745"}],"curies":[{"name":"wp","href":"https:\/\/api.w.org\/{rel}","templated":true}]}}