{"id":126750,"date":"2025-10-28T10:59:05","date_gmt":"2025-10-28T10:59:05","guid":{"rendered":"https:\/\/rdnews.al\/?p=126750"},"modified":"2025-10-28T10:59:05","modified_gmt":"2025-10-28T10:59:05","slug":"pd-kerkon-ngritjen-e-komisionit-hetimor-per-abuzimin-me-fondet-e-ipard","status":"publish","type":"post","link":"https:\/\/rdnews.al\/index.php\/2025\/10\/28\/pd-kerkon-ngritjen-e-komisionit-hetimor-per-abuzimin-me-fondet-e-ipard\/","title":{"rendered":"PD k\u00ebrkon ngritjen e Komisionit Hetimor p\u00ebr abuzimin me fondet e IPARD"},"content":{"rendered":"<p>Partia Demokratike ka depozituar n\u00eb Kuvendin e Shqip\u00ebris\u00eb nj\u00eb k\u00ebrkes\u00eb zyrtare p\u00ebr ngritjen e nj\u00eb Komisioni Hetimor parlamentar, pas zbulimeve mbi keqp\u00ebrdorimin e fondeve IPARD, t\u00eb destinuara p\u00ebr zhvillimin e bujq\u00ebsis\u00eb shqiptare.<\/p>\n<p>Kjo nism\u00eb vjen si reagim ndaj raportit t\u00eb Zyr\u00ebs Evropiane Kund\u00ebr Mashtrimeve (OLAF), i cili evidenton abuzime sistematike me fondet e Bashkimit Europian.<\/p>\n<p>45 deputet\u00eb t\u00eb opozit\u00ebs kan\u00eb firmosur k\u00ebrkes\u00ebn p\u00ebr ngritjen e Komisionit Hetimor.<\/p>\n<p>Sipas dokumentit, OLAF ka zbuluar abuzime me 33 milion\u00eb euro nga programi IPARD II, p\u00ebrmes kontratave t\u00eb manipuluara, \u00e7mimeve t\u00eb fryra dhe detyrimit t\u00eb aplikant\u00ebve p\u00ebr t\u00eb paguar kompani t\u00eb caktuara konsulence.<\/p>\n<p>K\u00ebto gjetje kan\u00eb sjell\u00eb pezullimin e programit IPARD III, me vler\u00eb 112 milion\u00eb euro, duke rrezikuar mb\u00ebshtetjen financiare p\u00ebr fermer\u00ebt shqiptar\u00eb.<\/p>\n<div class=\"jnews_inline_related_post_wrapper left\">\n<div class=\"jnews_inline_related_post\">\n<div class=\"jeg_postblock_29 jeg_postblock jeg_module_hook jeg_pagination_disable jeg_col_2o3 jnews_module_1616050_1_69009baece61a   \" data-unique=\"jnews_module_1616050_1_69009baece61a\">\n<div class=\"jeg_block_heading jeg_block_heading_6 jeg_subcat_right\"><\/div>\n<div class=\"jeg_block_navigation\">Shkresa e PD drejtuar Kuvendit citon Ligjin nr. 37\/2015 p\u00ebr ratifikimin e Marr\u00ebveshjes Kuad\u00ebr me Komisionin Europian, si baz\u00eb ligjore p\u00ebr mb\u00ebshtetjen financiare t\u00eb BE-s\u00eb ndaj Shqip\u00ebris\u00eb. PD k\u00ebrkon q\u00eb Kuvendi t\u00eb marr\u00eb masa p\u00ebr t\u00eb mbrojtur interesat financiare t\u00eb BE-s\u00eb dhe p\u00ebr t\u00eb garantuar transparenc\u00ebn n\u00eb shp\u00ebrndarjen e fondeve.<\/div>\n<\/div>\n<\/div>\n<\/div>\n<p><strong>Komisioni ka p\u00ebr objekt t\u00eb veprimtaris\u00eb s\u00eb tij:<\/strong><\/p>\n<p>(i) Kontrollin e zbatimit t\u00eb Marr\u00ebveshjes Kuad\u00ebr IPA II dhe Marr\u00ebveshjes Sektoriale IPARD II nd\u00ebrmjet Republik\u00ebs s\u00eb Shqip\u00ebris\u00eb dhe Komisionit Evropian;<br \/>\n(ii) Verifikimin e procesit t\u00eb p\u00ebrzgjedhjes, miratimit dhe financimit t\u00eb aplikimeve fituese t\u00eb fondeve t\u00eb programit IPARD II;<br \/>\n(iii) Analizimin e respektimit t\u00eb detyrimeve ligjore dhe kontraktuale nga p\u00ebrfituesit e fondeve IPARD II n\u00eb faz\u00ebn e zbatimit t\u00eb projekteve;<br \/>\n(iv) Identifikimin e shkeljeve dhe parregullsive t\u00eb mundshme n\u00eb administrimin e fondeve t\u00eb programit IPARD II, si dhe nxjerrjen e p\u00ebrgjegj\u00ebsive institucionale;<br \/>\n(v) Vler\u00ebsimin e nevoj\u00ebs p\u00ebr marrjen e masave, p\u00ebrfshir\u00eb nd\u00ebrhyrjet ligjore n\u00ebp\u00ebrmjet miratimit, korrigjimit apo plot\u00ebsimit t\u00eb legjislacionit relevant p\u00ebr garantimin e parimeve t\u00eb ligjshm\u00ebris\u00eb, integritetit, llogaridh\u00ebnies dhe transparenc\u00ebs n\u00eb administrimin e ndihm\u00ebs financiare t\u00eb Bashkimit Evropian dhe fondeve publike, n\u00eb p\u00ebrputhje me parimet e shtetit t\u00eb s\u00eb drejt\u00ebs dhe mbik\u00ebqyrjes parlamentare;<br \/>\n(vi) T\u00eb angazhohet p\u00ebr t\u00eb propozuar p\u00ebr miratim t\u00eb gjitha masat e nevojshme ligjore q\u00eb t\u00eb shmangen n\u00eb t\u00eb ardhmen situatat e evidentuar n\u00eb raportin e hetimit t\u00eb Zyr\u00ebs s\u00eb Bashkimit Evropian kund\u00ebr Mashtrimeve (OLAF), dhe q\u00eb mbrojn\u00eb interesat financiare t\u00eb BE-s\u00eb nga aktivitetet ilegale, duke propozuar masat konkrete q\u00eb jan\u00eb t\u00eb nevojshme q\u00eb institucionet p\u00ebrgjegj\u00ebse t\u00eb Bashkimit Europian t\u00eb rekomandojn\u00eb zhbllokimin e fondeve p\u00ebr Shqip\u00ebrin\u00eb p\u00ebr programin IPARD III.<br \/>\nKomisioni propozohet t\u00eb ket\u00eb n\u00eb p\u00ebrb\u00ebrje 11 an\u00ebtar\u00eb, nga t\u00eb cil\u00ebt kryetari dhe kat\u00ebr an\u00ebtar\u00eb i p\u00ebrkasin Grupit Parlamentar t\u00eb Partis\u00eb Demokratike dhe gjasht\u00eb an\u00ebtar\u00eb Grupit Parlamentar t\u00eb Partis\u00eb Socialiste.<\/p>\n<p><img loading=\"lazy\" decoding=\"async\" class=\"alignnone size-medium wp-image-1616053\" src=\"https:\/\/boldnews.al\/wp-content\/uploads\/2025\/10\/900-0-1761646544xcapturepng-116-640x706.png\" sizes=\"auto, (max-width: 640px) 100vw, 640px\" srcset=\"https:\/\/boldnews.al\/wp-content\/uploads\/2025\/10\/900-0-1761646544xcapturepng-116-640x706.png 640w, https:\/\/boldnews.al\/wp-content\/uploads\/2025\/10\/900-0-1761646544xcapturepng-116-750x828.png 750w, https:\/\/boldnews.al\/wp-content\/uploads\/2025\/10\/900-0-1761646544xcapturepng-116.png 900w\" alt=\"\" width=\"640\" height=\"706\" data-pin-no-hover=\"true\" \/><\/p>\n<p><img loading=\"lazy\" decoding=\"async\" class=\"alignnone size-medium wp-image-1616054\" src=\"https:\/\/boldnews.al\/wp-content\/uploads\/2025\/10\/900-0-1761646549xcapture1png-339-640x726.png\" sizes=\"auto, (max-width: 640px) 100vw, 640px\" srcset=\"https:\/\/boldnews.al\/wp-content\/uploads\/2025\/10\/900-0-1761646549xcapture1png-339-640x726.png 640w, https:\/\/boldnews.al\/wp-content\/uploads\/2025\/10\/900-0-1761646549xcapture1png-339-750x851.png 750w, https:\/\/boldnews.al\/wp-content\/uploads\/2025\/10\/900-0-1761646549xcapture1png-339.png 900w\" alt=\"\" width=\"640\" height=\"726\" data-pin-no-hover=\"true\" \/><\/p>\n<p>&nbsp;<\/p>\n","protected":false},"excerpt":{"rendered":"<p>Partia Demokratike ka depozituar n\u00eb Kuvendin e Shqip\u00ebris\u00eb nj\u00eb k\u00ebrkes\u00eb zyrtare p\u00ebr ngritjen e nj\u00eb Komisioni Hetimor parlamentar, pas zbulimeve mbi keqp\u00ebrdorimin e fondeve IPARD, t\u00eb destinuara p\u00ebr zhvillimin e bujq\u00ebsis\u00eb shqiptare. Kjo nism\u00eb vjen si reagim ndaj raportit t\u00eb Zyr\u00ebs Evropiane Kund\u00ebr Mashtrimeve (OLAF), i cili evidenton abuzime sistematike me fondet e Bashkimit Europian. &hellip;<\/p>\n","protected":false},"author":4,"featured_media":92646,"comment_status":"closed","ping_status":"closed","sticky":false,"template":"","format":"standard","meta":{"footnotes":""},"categories":[37],"tags":[],"class_list":["post-126750","post","type-post","status-publish","format-standard","has-post-thumbnail","","category-politike"],"_links":{"self":[{"href":"https:\/\/rdnews.al\/index.php\/wp-json\/wp\/v2\/posts\/126750","targetHints":{"allow":["GET"]}}],"collection":[{"href":"https:\/\/rdnews.al\/index.php\/wp-json\/wp\/v2\/posts"}],"about":[{"href":"https:\/\/rdnews.al\/index.php\/wp-json\/wp\/v2\/types\/post"}],"author":[{"embeddable":true,"href":"https:\/\/rdnews.al\/index.php\/wp-json\/wp\/v2\/users\/4"}],"replies":[{"embeddable":true,"href":"https:\/\/rdnews.al\/index.php\/wp-json\/wp\/v2\/comments?post=126750"}],"version-history":[{"count":1,"href":"https:\/\/rdnews.al\/index.php\/wp-json\/wp\/v2\/posts\/126750\/revisions"}],"predecessor-version":[{"id":126751,"href":"https:\/\/rdnews.al\/index.php\/wp-json\/wp\/v2\/posts\/126750\/revisions\/126751"}],"wp:featuredmedia":[{"embeddable":true,"href":"https:\/\/rdnews.al\/index.php\/wp-json\/wp\/v2\/media\/92646"}],"wp:attachment":[{"href":"https:\/\/rdnews.al\/index.php\/wp-json\/wp\/v2\/media?parent=126750"}],"wp:term":[{"taxonomy":"category","embeddable":true,"href":"https:\/\/rdnews.al\/index.php\/wp-json\/wp\/v2\/categories?post=126750"},{"taxonomy":"post_tag","embeddable":true,"href":"https:\/\/rdnews.al\/index.php\/wp-json\/wp\/v2\/tags?post=126750"}],"curies":[{"name":"wp","href":"https:\/\/api.w.org\/{rel}","templated":true}]}}