{"id":126764,"date":"2025-10-28T12:11:37","date_gmt":"2025-10-28T12:11:37","guid":{"rendered":"https:\/\/rdnews.al\/?p=126764"},"modified":"2025-10-28T12:17:23","modified_gmt":"2025-10-28T12:17:23","slug":"berisha-ne-fjalen-time-ne-kuvend-u-mora-vetem-me-shkelmimin-e-tmerrshem-qe-u-ka-bere-dumani-interesave-te-qytetareve","status":"publish","type":"post","link":"https:\/\/rdnews.al\/index.php\/2025\/10\/28\/berisha-ne-fjalen-time-ne-kuvend-u-mora-vetem-me-shkelmimin-e-tmerrshem-qe-u-ka-bere-dumani-interesave-te-qytetareve\/","title":{"rendered":"Berisha: N\u00eb fjal\u00ebn time n\u00eb Kuvend u mora vet\u00ebm me shkelmimin e tmerrsh\u00ebm q\u00eb u ka b\u00ebr\u00eb Dumani interesave t\u00eb qytetar\u00ebve!"},"content":{"rendered":"<p>Kryetari i PD, Sali Berisha, gjat\u00eb nj\u00eb konference p\u00ebr media deklaroi se fjalimi i tij n\u00eb Kuvend nuk kishte p\u00ebr q\u00ebllim t\u00eb trajtonte p\u00ebrplasjet personale, por shkeljet ndaj interesave t\u00eb qytetar\u00ebve nga qeveria dhe zyrtar\u00ebt e saj.<\/p>\n<p>Ai p\u00ebrmendi aferat me vler\u00eb 1.4 miliard\u00eb euro, duke p\u00ebrfshir\u00eb vjedhje n\u00eb sektorin e energjis\u00eb, tunelin e Llogaras\u00eb, aeroportin e Vlor\u00ebs dhe udh\u00ebtimet me avion \u00e7arter t\u00eb kryeministrit.<\/p>\n<p>\u201cDua t\u00eb sqaroj pak qytetar\u00ebt.<\/p>\n<p>Me shum\u00eb t\u00eb drejt\u00eb ju keni pritur, dhe duhet t\u00eb prisni, q\u00eb aty n\u00eb parlament ju t\u00eb jeni t\u00eb par\u00ebt.<\/p>\n<p>Ju dhe interesat tuaja.<\/p>\n<p>Por un\u00eb u them atyre sot k\u00ebtu se pik\u00ebrisht p\u00ebr k\u00ebt\u00eb parim, n\u00eb fjal\u00ebn time nuk u mora me q\u00ebndrimet e tij antikushtetuese, antiligjore, hakmarr\u00ebse, primitive ndaj meje.<\/p>\n<p>Jo! U mora me shkelmimin e tmerrsh\u00ebm q\u00eb u b\u00ebn ai interesave t\u00eb qytetar\u00ebve.<\/p>\n<p>U mora me 1.4 miliard euro, nj\u00eb seri aferash dhe q\u00eb nuk jan\u00eb as nj\u00eb e kat\u00ebrta e aferave q\u00eb ky person i pap\u00ebrgjegjsh\u00ebm, mashtrues, nuk i heton sepse jan\u00eb qeveritar\u00ebt e tij.<\/p>\n<p>Ua thash\u00eb edhe dje, flak\u00ebt e djeg\u00ebsave dhe djeg\u00ebsi i Tiran\u00ebs do djegin \u00e7do njeri q\u00eb ka dor\u00ebn e tij t\u00eb zez\u00eb n\u00eb at\u00eb afer\u00eb, edhe Edi Ram\u00ebn, edhe Altin Troplinin dhe secilin prej tyre.<\/p>\n<p>Mbrojta 630 milion\u00eb euro q\u00eb CEZ duhej t\u2019u paguante shqiptar\u00ebve me fatura t\u00eb certifikuara nga kompania nd\u00ebrkomb\u00ebtare, dhe q\u00eb Edi Rama, n\u00eb vend t\u00eb arbitrazhit ku e kishim t\u00eb sigurt fitoren, ndau me ta edhe 100 milion\u00eb euro t\u00eb taksapaguesve shqiptare.<\/p>\n<p>Ata, t\u00eb quajtur, \u00e7far\u00eb t\u2019u them un\u00eb atyre, q\u00eb dalin n\u00eb media dhe thon\u00eb se nuk u fol p\u00ebr qytetarin, po t\u00eb kujt jan\u00eb ato para?<\/p>\n<p>U fol p\u00ebr tunelin e Llogaras\u00eb, 50 milion\u00eb euro me nj\u00eb t\u00eb r\u00ebn\u00eb t\u00eb lapsit, e dokumentuar.<\/p>\n<p>U fol p\u00ebr aeroportin e Vlor\u00ebs, 140 milion\u00eb euro.<\/p>\n<p>U fol p\u00ebr vjedhjet e tmerrshme n\u00eb energji.<\/p>\n<p>P\u00ebr udh\u00ebtimet e Edi Ram\u00ebs me avion \u00e7arter.<\/p>\n<p>K\u00ebta zot\u00ebrinj q\u00eb pretendojn\u00eb se nuk u fol p\u00ebr qytetarin, a nuk jan\u00eb taksa t\u00eb qytetar\u00ebve k\u00ebto vjedhje?<\/p>\n<p>Dhe prisni, thash\u00eb edhe nj\u00ebher\u00eb, k\u00ebto nuk jan\u00eb as nj\u00eb e kat\u00ebrta apo nj\u00eb e pesta e parave t\u00eb vjedhura.<\/p>\n<p>Dhe do i merrni vesh nga kjo klik\u00eb, nga kjo dyshe Rama-Balluku dhe suita e tyre.<\/p>\n<p>Vet\u00ebm Kontrolli i Lart\u00eb i Shtetit, dhe vet\u00ebm n\u00eb disa agjenci t\u00eb varura nga Lubi Balluku, ka konstatuar 2.2 miliard euro vjedhje dhe shp\u00ebrdorime.<\/p>\n<p>Vet\u00ebm n\u00eb disa agjenci dhe disa afera, sepse KLSH nuk kontroll kurr\u00eb t\u00eb gjitha aktet. Jo, ai ka praktik\u00ebn e tij.<\/p>\n<p>2.2 miliard euro! Po, absolutisht.<\/p>\n<p>Kur Arben Ahmetaj thoshte se Lubia ka administruar 12 miliard\u00eb euro, t\u00eb tjer\u00ebt harronin vjedhjen dhe merreshin me miliardin.<\/p>\n<p>Po ja pra. Prisni se do dalin t\u00eb tjera.<\/p>\n<p>Dhe ky merret me gj\u00ebrat m\u00eb t\u00eb paqena.<br \/>\n140 milion\u00eb euro \u00ebsht\u00eb vjedhje me checkup-in e Nushit. Ky b\u00ebn sikur nuk ekziston. At\u00ebher\u00eb a jan\u00eb k\u00ebto interesat e qytetar\u00ebve?<\/p>\n<p>Un\u00eb them se jan\u00eb interesa jetike t\u00eb qytetar\u00ebve.<\/p>\n<p>Ky zot\u00ebri komunikon se paska sekuestruar 63 milion\u00eb euro, po kujt ia dha ato? Kush i mori ato? Ku shkuan ato?<\/p>\n<p>Po vet\u00ebm Franc \u00c7opja ka 6 miliard\u00eb euro larje parash n\u00eb Shqip\u00ebri.<\/p>\n<p>Dhe ky na mburret se konfiskoi at\u00eb apartament apo at\u00eb apartament dhe q\u00eb u zhduk\u00ebn miliarda e miliarda, nuk thot\u00eb nj\u00eb fjal\u00eb.<\/p>\n<p>Dhe pastaj lexonte gazeta, lexonte shkrimet e z\u00ebdh\u00ebn\u00ebsit t\u00eb vet t\u00eb porositura dhe t\u00eb blera.<\/p>\n<p>Prandaj dhe ishte &#8230; m\u00eb kujtonte nj\u00eb personazh, ta shohin vet\u00eb si u b\u00eb. Se ka nxjerr\u00eb n\u00eb treg veten e tij me aktet q\u00eb ka kryer\u201d, tha Berisha.<\/p>\n","protected":false},"excerpt":{"rendered":"<p>Kryetari i PD, Sali Berisha, gjat\u00eb nj\u00eb konference p\u00ebr media deklaroi se fjalimi i tij n\u00eb Kuvend nuk kishte p\u00ebr q\u00ebllim t\u00eb trajtonte p\u00ebrplasjet personale, por shkeljet ndaj interesave t\u00eb qytetar\u00ebve nga qeveria dhe zyrtar\u00ebt e saj. Ai p\u00ebrmendi aferat me vler\u00eb 1.4 miliard\u00eb euro, duke p\u00ebrfshir\u00eb vjedhje n\u00eb sektorin e energjis\u00eb, tunelin e Llogaras\u00eb, &hellip;<\/p>\n","protected":false},"author":4,"featured_media":126767,"comment_status":"closed","ping_status":"closed","sticky":false,"template":"","format":"standard","meta":{"footnotes":""},"categories":[37],"tags":[],"class_list":["post-126764","post","type-post","status-publish","format-standard","has-post-thumbnail","","category-politike"],"_links":{"self":[{"href":"https:\/\/rdnews.al\/index.php\/wp-json\/wp\/v2\/posts\/126764","targetHints":{"allow":["GET"]}}],"collection":[{"href":"https:\/\/rdnews.al\/index.php\/wp-json\/wp\/v2\/posts"}],"about":[{"href":"https:\/\/rdnews.al\/index.php\/wp-json\/wp\/v2\/types\/post"}],"author":[{"embeddable":true,"href":"https:\/\/rdnews.al\/index.php\/wp-json\/wp\/v2\/users\/4"}],"replies":[{"embeddable":true,"href":"https:\/\/rdnews.al\/index.php\/wp-json\/wp\/v2\/comments?post=126764"}],"version-history":[{"count":1,"href":"https:\/\/rdnews.al\/index.php\/wp-json\/wp\/v2\/posts\/126764\/revisions"}],"predecessor-version":[{"id":126766,"href":"https:\/\/rdnews.al\/index.php\/wp-json\/wp\/v2\/posts\/126764\/revisions\/126766"}],"wp:featuredmedia":[{"embeddable":true,"href":"https:\/\/rdnews.al\/index.php\/wp-json\/wp\/v2\/media\/126767"}],"wp:attachment":[{"href":"https:\/\/rdnews.al\/index.php\/wp-json\/wp\/v2\/media?parent=126764"}],"wp:term":[{"taxonomy":"category","embeddable":true,"href":"https:\/\/rdnews.al\/index.php\/wp-json\/wp\/v2\/categories?post=126764"},{"taxonomy":"post_tag","embeddable":true,"href":"https:\/\/rdnews.al\/index.php\/wp-json\/wp\/v2\/tags?post=126764"}],"curies":[{"name":"wp","href":"https:\/\/api.w.org\/{rel}","templated":true}]}}