{"id":126768,"date":"2025-10-28T12:30:20","date_gmt":"2025-10-28T12:30:20","guid":{"rendered":"https:\/\/rdnews.al\/?p=126768"},"modified":"2025-10-28T12:30:20","modified_gmt":"2025-10-28T12:30:20","slug":"berisha-dumani-eshte-armik-i-eger-i-pluralizmit-edhe-lubine-do-e-bente-kurban-per-te-shuar-zhurmen-e-raportit-te-osbe-odihr","status":"publish","type":"post","link":"https:\/\/rdnews.al\/index.php\/2025\/10\/28\/berisha-dumani-eshte-armik-i-eger-i-pluralizmit-edhe-lubine-do-e-bente-kurban-per-te-shuar-zhurmen-e-raportit-te-osbe-odihr\/","title":{"rendered":"Berisha: Dumani \u00ebsht\u00eb armik i eg\u00ebr i pluralizmit! Edhe Lubin\u00eb do e b\u00ebnte kurban p\u00ebr t\u00eb shuar zhurm\u00ebn e raportit t\u00eb OSBE\/ODIHR"},"content":{"rendered":"<p>Kryetari i PD, Sali Berisha tha se, Dumani \u00ebsht\u00eb armik i eg\u00ebr i pluralizmit! Edhe Lubin\u00eb do e b\u00ebnte kurban p\u00ebr t\u00eb shuar zhurm\u00ebn e raportit t\u00eb OSBE\/ODIHR.<br \/>\nBerisha, n\u00eb konferenc\u00ebn p\u00ebr shtyp, e akuzoi Dumanin se ka mbrojtur hapur pushtetin e Edi Ram\u00ebs, duke injoruar raportet nd\u00ebrkomb\u00ebtare p\u00ebr shkelje serioze t\u00eb standardeve zgjedhore n\u00eb vend.<br \/>\n\u201cE kam th\u00ebn\u00eb dhe e them \u00ebsht\u00eb nj\u00eb armik i eg\u00ebr i pluralizmit n\u00eb Shqip\u00ebri sepse u shnd\u00ebrrua n\u00eb amnistues t\u00eb krimit t\u00eb njohur nd\u00ebrkomb\u00ebtarisht elektoral.<br \/>\nNjeri pa asnj\u00eb nd\u00ebrgjegje, as profesionale dhe as njer\u00ebzore.<br \/>\nPo ti kur lexon se komuniteti nd\u00ebrkomb\u00ebtar thot\u00eb se rrjeti i patronazhist\u00ebve \u00ebsht\u00eb n\u00eb kund\u00ebrshtim me parimet nd\u00ebrkomb\u00ebtare t\u00eb zgjedhjeve t\u00eb lira, kurse ky thot\u00eb jo, nuk \u00ebsht\u00eb nj\u00eb krim, citon Edi Ram\u00ebn, jo ligjin nd\u00ebrkomb\u00ebtar.<br \/>\nNuk po them shkeljet seriale t\u00eb kodit zgjedhor t\u00eb Shqip\u00ebris\u00eb, por t\u00eb parimeve nd\u00ebrkomb\u00ebtare t\u00eb Kart\u00ebs s\u00eb Kopenhagenit, t\u00eb gjitha t\u00eb v\u00ebrtetuara nga OSBE\/ODIHR.<br \/>\nPo ky nuk ka&#8230; p\u00ebr t\u00eb parime jan\u00eb vet\u00ebm statuti i PS dhe lufta e eg\u00ebr ndaj opozit\u00ebs dhe pluralizmit.<br \/>\nSigurisht q\u00eb p\u00ebr k\u00ebto ne do q\u00ebndronim sepse ky q\u00ebndrim i tij dhe prokuroris\u00eb s\u00eb tij u b\u00eb licenc\u00eb p\u00ebr narkodiktatorin Edi Rama dhe regjimin e tij, p\u00ebr t\u00eb shkat\u00ebrruar n\u00eb m\u00ebnyr\u00eb p\u00ebrfundimtare procesin zgjedhor.<br \/>\nA e keni d\u00ebgjuar t\u00eb shqip\u00ebrojn\u00eb nj\u00eb fjal\u00eb t\u00eb vetme p\u00ebr zgjedhjet?<br \/>\nAskush.<br \/>\nP\u00ebrkundrazi, gosipi i qytetit thot\u00eb se edhe Lubin\u00eb po e b\u00ebnte kurban pik\u00ebrisht p\u00ebr t\u00eb shuar zhurm\u00ebn e raportit.<br \/>\nNuk mund t\u00eb them se ato q\u00eb thot\u00eb gosipi, jan\u00eb t\u00eb gosipit. Por n\u00eb media lejohet se i ndjekin vet\u00eb k\u00ebto\u201d, tha Berisha.<\/p>\n","protected":false},"excerpt":{"rendered":"<p>Kryetari i PD, Sali Berisha tha se, Dumani \u00ebsht\u00eb armik i eg\u00ebr i pluralizmit! Edhe Lubin\u00eb do e b\u00ebnte kurban p\u00ebr t\u00eb shuar zhurm\u00ebn e raportit t\u00eb OSBE\/ODIHR. Berisha, n\u00eb konferenc\u00ebn p\u00ebr shtyp, e akuzoi Dumanin se ka mbrojtur hapur pushtetin e Edi Ram\u00ebs, duke injoruar raportet nd\u00ebrkomb\u00ebtare p\u00ebr shkelje serioze t\u00eb standardeve zgjedhore n\u00eb &hellip;<\/p>\n","protected":false},"author":4,"featured_media":126765,"comment_status":"closed","ping_status":"closed","sticky":false,"template":"","format":"standard","meta":{"footnotes":""},"categories":[37],"tags":[],"class_list":["post-126768","post","type-post","status-publish","format-standard","has-post-thumbnail","","category-politike"],"_links":{"self":[{"href":"https:\/\/rdnews.al\/index.php\/wp-json\/wp\/v2\/posts\/126768","targetHints":{"allow":["GET"]}}],"collection":[{"href":"https:\/\/rdnews.al\/index.php\/wp-json\/wp\/v2\/posts"}],"about":[{"href":"https:\/\/rdnews.al\/index.php\/wp-json\/wp\/v2\/types\/post"}],"author":[{"embeddable":true,"href":"https:\/\/rdnews.al\/index.php\/wp-json\/wp\/v2\/users\/4"}],"replies":[{"embeddable":true,"href":"https:\/\/rdnews.al\/index.php\/wp-json\/wp\/v2\/comments?post=126768"}],"version-history":[{"count":1,"href":"https:\/\/rdnews.al\/index.php\/wp-json\/wp\/v2\/posts\/126768\/revisions"}],"predecessor-version":[{"id":126769,"href":"https:\/\/rdnews.al\/index.php\/wp-json\/wp\/v2\/posts\/126768\/revisions\/126769"}],"wp:featuredmedia":[{"embeddable":true,"href":"https:\/\/rdnews.al\/index.php\/wp-json\/wp\/v2\/media\/126765"}],"wp:attachment":[{"href":"https:\/\/rdnews.al\/index.php\/wp-json\/wp\/v2\/media?parent=126768"}],"wp:term":[{"taxonomy":"category","embeddable":true,"href":"https:\/\/rdnews.al\/index.php\/wp-json\/wp\/v2\/categories?post=126768"},{"taxonomy":"post_tag","embeddable":true,"href":"https:\/\/rdnews.al\/index.php\/wp-json\/wp\/v2\/tags?post=126768"}],"curies":[{"name":"wp","href":"https:\/\/api.w.org\/{rel}","templated":true}]}}