{"id":126770,"date":"2025-10-28T12:37:14","date_gmt":"2025-10-28T12:37:14","guid":{"rendered":"https:\/\/rdnews.al\/?p=126770"},"modified":"2025-10-28T12:37:14","modified_gmt":"2025-10-28T12:37:14","slug":"berisha-dumani-eshte-bere-avokati-familjes-se-edi-rames-disponon-4-shtepi-dhe-thote-se-banon-me-qira-tek-vjehrri","status":"publish","type":"post","link":"https:\/\/rdnews.al\/index.php\/2025\/10\/28\/berisha-dumani-eshte-bere-avokati-familjes-se-edi-rames-disponon-4-shtepi-dhe-thote-se-banon-me-qira-tek-vjehrri\/","title":{"rendered":"Berisha: Dumani \u00ebsht\u00eb b\u00ebr\u00eb avokati familjes s\u00eb Edi Ram\u00ebs! Disponon 4 sht\u00ebpi dhe thot\u00eb se banon me qira tek vjehrri"},"content":{"rendered":"<p>Kryetari i PD, Sali Berisha, n\u00eb konferenc\u00ebn me gazetar\u00ebt, tha se, Dumani disponon 4 sht\u00ebpi dhe thot\u00eb se banon me qira tek vjehrri.<\/p>\n<p>Berisha tha se sistemi i drejt\u00ebsis\u00eb \u00ebsht\u00eb kthyer n\u00eb mburoj\u00eb t\u00eb aferave t\u00eb qeveris\u00eb, nd\u00ebrsa akuzoi Dumanin p\u00ebr pasuri t\u00eb pajustifikuara.<\/p>\n<p>\u201cNdaj dhe u ndala n\u00eb k\u00ebt\u00eb rast se \u00e7far\u00eb problemesh t\u00eb tmerrshme ka ky sistem sot.<\/p>\n<p>Ky \u00ebsht\u00eb b\u00ebr\u00eb avokat privat i familjes s\u00eb Edi Ram\u00ebs dhe Edi Ram\u00ebs.<\/p>\n<p>Avokat privat i aferave t\u00eb Edi Ram\u00ebs.<\/p>\n<p>Nuk po ndalem n\u00eb problemet e mia me t\u00eb.<\/p>\n<p>I kam th\u00ebn\u00eb ato dhe dje n\u00eb parlament e fal\u00ebnderova p\u00ebr vetingun.<\/p>\n<p>Po!<\/p>\n<p>Jan\u00eb 4 sht\u00ebpi q\u00eb disponon, ka \u00e7uar tjetrin q\u00eb mburrej dje p\u00ebr nj\u00eb garsionere t\u00eb v\u00ebllait t\u00eb vet, q\u00eb i paguante qiran\u00eb, e ka akuzuar se \u00ebsht\u00eb i yti parlamenti dhe ka k\u00ebrkaur nj\u00eb vit burg p\u00ebr t\u00eb, p\u00ebr gjykat\u00ebsin.<\/p>\n<p>Vet\u00eb ka 4.<\/p>\n<p>Dhe aty ku thot\u00eb paguaj qira te vjehrri.<\/p>\n<p>Jam me qira tek vjehrri&#8230;<\/p>\n<p>Pra, ne besoj se e b\u00ebm\u00eb me transparenc\u00eb t\u00eb plot\u00eb detyr\u00ebn ton\u00eb.<\/p>\n<p>Natyrisht k\u00ebto jan\u00eb nj\u00eb pjes\u00eb e problemeve.<\/p>\n<p>Po nuk \u00ebsht\u00eb i vog\u00ebl se jan\u00eb miliarda e miliarda t\u00eb cilat v\u00ebrtet Troplini ka nj\u00eb num\u00ebr shum\u00eb t\u00eb kufizuar dosjesh, q\u00eb sipas nj\u00eb statistike p\u00ebrb\u00ebjn\u00eb 0.3 p\u00ebrqind t\u00eb t\u00eb gjitha dosjeve t\u00eb Shqip\u00ebris\u00eb, por k\u00ebto dosje jan\u00eb dosjet e miliardave.<\/p>\n<p>Ato v\u00ebrtet jan\u00eb 0.3 si num\u00ebr, por ato jan\u00eb dosjet e miliardave t\u00eb vjedhura qytetar\u00ebve shqiptar\u00eb.<\/p>\n<p>Jan\u00eb dosje q\u00eb peshojn\u00eb sa toka dhe q\u00eb ai i mbyll dhe i stis si\u00e7 do vet\u00eb\u201d, tha Berisha.<\/p>\n","protected":false},"excerpt":{"rendered":"<p>Kryetari i PD, Sali Berisha, n\u00eb konferenc\u00ebn me gazetar\u00ebt, tha se, Dumani disponon 4 sht\u00ebpi dhe thot\u00eb se banon me qira tek vjehrri. Berisha tha se sistemi i drejt\u00ebsis\u00eb \u00ebsht\u00eb kthyer n\u00eb mburoj\u00eb t\u00eb aferave t\u00eb qeveris\u00eb, nd\u00ebrsa akuzoi Dumanin p\u00ebr pasuri t\u00eb pajustifikuara. \u201cNdaj dhe u ndala n\u00eb k\u00ebt\u00eb rast se \u00e7far\u00eb problemesh t\u00eb &hellip;<\/p>\n","protected":false},"author":4,"featured_media":126771,"comment_status":"closed","ping_status":"closed","sticky":false,"template":"","format":"standard","meta":{"footnotes":""},"categories":[37],"tags":[],"class_list":["post-126770","post","type-post","status-publish","format-standard","has-post-thumbnail","","category-politike"],"_links":{"self":[{"href":"https:\/\/rdnews.al\/index.php\/wp-json\/wp\/v2\/posts\/126770","targetHints":{"allow":["GET"]}}],"collection":[{"href":"https:\/\/rdnews.al\/index.php\/wp-json\/wp\/v2\/posts"}],"about":[{"href":"https:\/\/rdnews.al\/index.php\/wp-json\/wp\/v2\/types\/post"}],"author":[{"embeddable":true,"href":"https:\/\/rdnews.al\/index.php\/wp-json\/wp\/v2\/users\/4"}],"replies":[{"embeddable":true,"href":"https:\/\/rdnews.al\/index.php\/wp-json\/wp\/v2\/comments?post=126770"}],"version-history":[{"count":1,"href":"https:\/\/rdnews.al\/index.php\/wp-json\/wp\/v2\/posts\/126770\/revisions"}],"predecessor-version":[{"id":126772,"href":"https:\/\/rdnews.al\/index.php\/wp-json\/wp\/v2\/posts\/126770\/revisions\/126772"}],"wp:featuredmedia":[{"embeddable":true,"href":"https:\/\/rdnews.al\/index.php\/wp-json\/wp\/v2\/media\/126771"}],"wp:attachment":[{"href":"https:\/\/rdnews.al\/index.php\/wp-json\/wp\/v2\/media?parent=126770"}],"wp:term":[{"taxonomy":"category","embeddable":true,"href":"https:\/\/rdnews.al\/index.php\/wp-json\/wp\/v2\/categories?post=126770"},{"taxonomy":"post_tag","embeddable":true,"href":"https:\/\/rdnews.al\/index.php\/wp-json\/wp\/v2\/tags?post=126770"}],"curies":[{"name":"wp","href":"https:\/\/api.w.org\/{rel}","templated":true}]}}