{"id":126773,"date":"2025-10-28T12:42:21","date_gmt":"2025-10-28T12:42:21","guid":{"rendered":"https:\/\/rdnews.al\/?p=126773"},"modified":"2025-10-28T12:42:21","modified_gmt":"2025-10-28T12:42:21","slug":"berisha-dumanin-nuk-e-heton-kush-sepse-eshte-mbi-ligjet-dhe-kushtetuten-ai-eshte-vetem-direkt-i-varur-nga-edi-rama","status":"publish","type":"post","link":"https:\/\/rdnews.al\/index.php\/2025\/10\/28\/berisha-dumanin-nuk-e-heton-kush-sepse-eshte-mbi-ligjet-dhe-kushtetuten-ai-eshte-vetem-direkt-i-varur-nga-edi-rama\/","title":{"rendered":"Berisha: Dumanin nuk e heton kush sepse \u00ebsht\u00eb mbi ligjet dhe Kushtetut\u00ebn! Ai \u00ebsht\u00eb vet\u00ebm direkt i varur nga Edi Rama"},"content":{"rendered":"<p>Kryetari i PD, Sali Berisha tha se, Dumanin nuk e heton kush sepse \u00ebsht\u00eb mbi ligjet dhe Kushtetut\u00ebn! Ai \u00ebsht\u00eb vet\u00ebm direkt i varur nga Edi Rama.<br \/>\nN\u00eb nj\u00eb deklarat\u00eb p\u00ebr mediat, Berisha tha se ndaj Dumanit jan\u00eb depozituar kall\u00ebzime konkrete, por asnj\u00ebra prej tyre nuk \u00ebsht\u00eb marr\u00eb n\u00eb shqyrtim, duke ngritur dyshime serioze p\u00ebr paprekshm\u00ebrin\u00eb e tij ligjore.<br \/>\n\u201cNe kemi d\u00ebrguar edhe ndaj tij, sa p\u00ebr dijeni.<br \/>\nJan\u00eb refuzuar.<br \/>\nNuk mund t\u00eb hetohet ai.<br \/>\nNe kemi paraqitur akuza direkt ndaj tij, po nuk ka, ai \u00ebsht\u00eb mbi ligjet, mbi Kushtetut\u00ebn.<br \/>\nAi \u00ebsht\u00eb vet\u00ebm direkt i varur nga Edi Rama.<br \/>\nPor \u00e7do njeri, po t\u00eb kishte kompetenc\u00eb, do t\u00eb niste hetimin kryesisht se k\u00ebtu jan\u00eb element\u00eb konkret\u00eb.<br \/>\nAi quhet Kreshnik Farruku, ekziston apo nuk ekziston.<br \/>\n\u00cbsht\u00eb nga Manza apo nuk \u00ebsht\u00eb nga Manza.<br \/>\n\u00cbsht\u00eb arrestuar nga Gjykata e Durr\u00ebsit apo nuk \u00ebsht\u00eb arrestuar?<br \/>\n\u00cbsht\u00eb marr\u00eb dosja e tij nga Skapi apo nuk \u00ebsht\u00eb marr\u00eb?<br \/>\nIshte n\u00eb Gjykat\u00eb t\u00eb Lart\u00eb apo jo?<br \/>\nKjo \u00ebsht\u00eb shum\u00eb e thjesht\u00eb. Ky nuk \u00ebsht\u00eb rasti m\u00eb i vet\u00ebm, por \u00ebsht\u00eb m\u00eb i zb\u00ebrthyeri se e kam ndjekur un\u00eb.<br \/>\nJa urdh\u00ebro ku del problemi i tij\u201d, tha Berisha.<\/p>\n","protected":false},"excerpt":{"rendered":"<p>Kryetari i PD, Sali Berisha tha se, Dumanin nuk e heton kush sepse \u00ebsht\u00eb mbi ligjet dhe Kushtetut\u00ebn! Ai \u00ebsht\u00eb vet\u00ebm direkt i varur nga Edi Rama. N\u00eb nj\u00eb deklarat\u00eb p\u00ebr mediat, Berisha tha se ndaj Dumanit jan\u00eb depozituar kall\u00ebzime konkrete, por asnj\u00ebra prej tyre nuk \u00ebsht\u00eb marr\u00eb n\u00eb shqyrtim, duke ngritur dyshime serioze p\u00ebr &hellip;<\/p>\n","protected":false},"author":4,"featured_media":126762,"comment_status":"closed","ping_status":"closed","sticky":false,"template":"","format":"standard","meta":{"footnotes":""},"categories":[37],"tags":[],"class_list":["post-126773","post","type-post","status-publish","format-standard","has-post-thumbnail","","category-politike"],"_links":{"self":[{"href":"https:\/\/rdnews.al\/index.php\/wp-json\/wp\/v2\/posts\/126773","targetHints":{"allow":["GET"]}}],"collection":[{"href":"https:\/\/rdnews.al\/index.php\/wp-json\/wp\/v2\/posts"}],"about":[{"href":"https:\/\/rdnews.al\/index.php\/wp-json\/wp\/v2\/types\/post"}],"author":[{"embeddable":true,"href":"https:\/\/rdnews.al\/index.php\/wp-json\/wp\/v2\/users\/4"}],"replies":[{"embeddable":true,"href":"https:\/\/rdnews.al\/index.php\/wp-json\/wp\/v2\/comments?post=126773"}],"version-history":[{"count":1,"href":"https:\/\/rdnews.al\/index.php\/wp-json\/wp\/v2\/posts\/126773\/revisions"}],"predecessor-version":[{"id":126774,"href":"https:\/\/rdnews.al\/index.php\/wp-json\/wp\/v2\/posts\/126773\/revisions\/126774"}],"wp:featuredmedia":[{"embeddable":true,"href":"https:\/\/rdnews.al\/index.php\/wp-json\/wp\/v2\/media\/126762"}],"wp:attachment":[{"href":"https:\/\/rdnews.al\/index.php\/wp-json\/wp\/v2\/media?parent=126773"}],"wp:term":[{"taxonomy":"category","embeddable":true,"href":"https:\/\/rdnews.al\/index.php\/wp-json\/wp\/v2\/categories?post=126773"},{"taxonomy":"post_tag","embeddable":true,"href":"https:\/\/rdnews.al\/index.php\/wp-json\/wp\/v2\/tags?post=126773"}],"curies":[{"name":"wp","href":"https:\/\/api.w.org\/{rel}","templated":true}]}}