{"id":126775,"date":"2025-10-28T12:46:54","date_gmt":"2025-10-28T12:46:54","guid":{"rendered":"https:\/\/rdnews.al\/?p=126775"},"modified":"2025-10-28T12:46:59","modified_gmt":"2025-10-28T12:46:59","slug":"berisha-lubia-ka-vjedhur-dhe-shperdoruar-10-miliarde-euro-rama-po-perdor-me-te-skemen-e-veliajt","status":"publish","type":"post","link":"https:\/\/rdnews.al\/index.php\/2025\/10\/28\/berisha-lubia-ka-vjedhur-dhe-shperdoruar-10-miliarde-euro-rama-po-perdor-me-te-skemen-e-veliajt\/","title":{"rendered":"Berisha: Lubia ka vjedhur dhe shp\u00ebrdoruar 10 miliard\u00eb euro! Rama po p\u00ebrdor me t\u00eb skem\u00ebn e Veliajt"},"content":{"rendered":"<p>Kryetari i PD, Sali Berisha, n\u00eb nj\u00eb deklarat\u00eb p\u00ebr mediat, akuzoi ashp\u00ebr z\u00ebvend\u00ebskryeministren Belinda Balluku dhe kryeministrin Edi Rama p\u00ebr korrupsion masiv.<\/p>\n<p>Berisha tha se, Lubia ka vjedhur dhe shp\u00ebrdoruar 10 miliard\u00eb euro nga 12 miliard\u00ebt n\u00eb portofolin e ministris\u00eb,\u201d\u00a0deklaroi Berisha, duke shtuar se Rama po p\u00ebrdor t\u00eb nj\u00ebjt\u00ebn skem\u00eb si ajo e Erion Veliajt.<\/p>\n<p>\u201cTani, kur korrupsioni i saj me Edi Ram\u00ebn u b\u00eb sa mali i Dajtit, i pakrahasuesh\u00ebm, dhe un\u00eb u thash\u00eb vet\u00ebm disa afera s\u00eb bashku b\u00ebjn\u00eb 2 miliard, t\u00eb kontrolluara nga KLSH, por ajo deri nj\u00eb vit m\u00eb par\u00eb ka administruar n\u00eb portofolin e vet 12 miliard\u00eb euro.<\/p>\n<p>Un\u00eb u garantoj ju se nga k\u00ebto 12 miliard\u00eb euro, t\u00eb pakt\u00ebn 10 miliard\u00eb jan\u00eb vjedhur dhe shp\u00ebrdoruar.<\/p>\n<p>Sepse un\u00eb kam sensin e saj sa kushton kjo dhe sa kushton ajo.<\/p>\n<p>Pra, n\u00eb k\u00ebt\u00eb rast, Rama se \u00e7\u2019ka gjetur nj\u00eb supervizim, nj\u00eb milion euro, si puna e fustaneve t\u00eb Velic\u00ebs, dhe k\u00ebtu i thot\u00eb nuk kam \u00e7far\u00eb t\u00eb b\u00ebj tani.<\/p>\n<p>Rama mendon se shp\u00ebton n\u00eb k\u00ebt\u00eb m\u00ebnyr\u00eb, por Rama \u00ebsht\u00eb p\u00ebrgjegj\u00ebs kryesor dhe nuk do shp\u00ebtoj\u00eb kurr\u00eb nga vjedhjet e saj.<\/p>\n<p>N\u00eb qoft\u00eb se ka nj\u00eb njeri q\u00eb ka vjedhur s\u00eb bashku me Ram\u00ebn, t\u00eb pakt\u00ebn prej 20 e sa vitesh me radh\u00eb, kjo \u00ebsht\u00eb Lubi Balluku. Kjo \u00ebsht\u00eb e njohur.<\/p>\n<p>A po p\u00ebrpiqet Rama?<\/p>\n<p>Edhe ato q\u00eb thot\u00eb se i b\u00ebri presion k\u00ebtij dhe atij \u00ebsht\u00eb skema e Veliajt.<\/p>\n<p>Iu kujtohet, i \u00e7oi punonj\u00ebsit t\u00eb gjith\u00eb, e rrethuan Skapin.<\/p>\n<p>U kujtohet fjalimi, empatia q\u00eb tregoi ai p\u00ebr djalin e Erionin, q\u00eb nuk kishte kush ku ta \u00e7onte k\u00ebtu e aty.<\/p>\n<p>Pra, Rama sigurisht q\u00eb po p\u00ebrpiqet t\u00eb mos e z\u00ebr\u00eb brenda mali q\u00eb po shembet, por Rama \u00ebsht\u00eb kryesori.<\/p>\n<p>Lubia ka shum\u00eb, Lubia \u00ebsht\u00eb hajdutja m\u00eb e tmerrshme, m\u00eb e pap\u00ebrmbajtur e 113 viteve shtet shqiptar, pas Edi Ram\u00ebs\u201d, u shpreh Berisha.<\/p>\n","protected":false},"excerpt":{"rendered":"<p>Kryetari i PD, Sali Berisha, n\u00eb nj\u00eb deklarat\u00eb p\u00ebr mediat, akuzoi ashp\u00ebr z\u00ebvend\u00ebskryeministren Belinda Balluku dhe kryeministrin Edi Rama p\u00ebr korrupsion masiv. Berisha tha se, Lubia ka vjedhur dhe shp\u00ebrdoruar 10 miliard\u00eb euro nga 12 miliard\u00ebt n\u00eb portofolin e ministris\u00eb,\u201d\u00a0deklaroi Berisha, duke shtuar se Rama po p\u00ebrdor t\u00eb nj\u00ebjt\u00ebn skem\u00eb si ajo e Erion Veliajt. &hellip;<\/p>\n","protected":false},"author":4,"featured_media":126765,"comment_status":"closed","ping_status":"closed","sticky":false,"template":"","format":"standard","meta":{"footnotes":""},"categories":[37],"tags":[],"class_list":["post-126775","post","type-post","status-publish","format-standard","has-post-thumbnail","","category-politike"],"_links":{"self":[{"href":"https:\/\/rdnews.al\/index.php\/wp-json\/wp\/v2\/posts\/126775","targetHints":{"allow":["GET"]}}],"collection":[{"href":"https:\/\/rdnews.al\/index.php\/wp-json\/wp\/v2\/posts"}],"about":[{"href":"https:\/\/rdnews.al\/index.php\/wp-json\/wp\/v2\/types\/post"}],"author":[{"embeddable":true,"href":"https:\/\/rdnews.al\/index.php\/wp-json\/wp\/v2\/users\/4"}],"replies":[{"embeddable":true,"href":"https:\/\/rdnews.al\/index.php\/wp-json\/wp\/v2\/comments?post=126775"}],"version-history":[{"count":1,"href":"https:\/\/rdnews.al\/index.php\/wp-json\/wp\/v2\/posts\/126775\/revisions"}],"predecessor-version":[{"id":126776,"href":"https:\/\/rdnews.al\/index.php\/wp-json\/wp\/v2\/posts\/126775\/revisions\/126776"}],"wp:featuredmedia":[{"embeddable":true,"href":"https:\/\/rdnews.al\/index.php\/wp-json\/wp\/v2\/media\/126765"}],"wp:attachment":[{"href":"https:\/\/rdnews.al\/index.php\/wp-json\/wp\/v2\/media?parent=126775"}],"wp:term":[{"taxonomy":"category","embeddable":true,"href":"https:\/\/rdnews.al\/index.php\/wp-json\/wp\/v2\/categories?post=126775"},{"taxonomy":"post_tag","embeddable":true,"href":"https:\/\/rdnews.al\/index.php\/wp-json\/wp\/v2\/tags?post=126775"}],"curies":[{"name":"wp","href":"https:\/\/api.w.org\/{rel}","templated":true}]}}