{"id":126777,"date":"2025-10-28T12:52:21","date_gmt":"2025-10-28T12:52:21","guid":{"rendered":"https:\/\/rdnews.al\/?p=126777"},"modified":"2025-10-28T12:52:36","modified_gmt":"2025-10-28T12:52:36","slug":"126777","status":"publish","type":"post","link":"https:\/\/rdnews.al\/index.php\/2025\/10\/28\/126777\/","title":{"rendered":"Berisha: Altin Troplini mori 5 milion\u00eb euro p\u00ebr t\u00eb liruar Kreshnik Farrukun! Kush e heton at\u00eb p\u00ebr k\u00ebt\u00eb \u00e7\u00ebshtje? Askush!"},"content":{"rendered":"<p>Kryetari i PD, Sali Berisha tha n\u00eb konferenc\u00ebn p\u00ebr shtyp se, Altin Troplini mori 5 milion\u00eb euro p\u00ebr t\u00eb liruar Kreshnik Farrukun!<\/p>\n<p>Berisha tha se, disponon mesazhe t\u00eb ardhura nga \u201cqytetar\u00eb dixhital\u00eb\u201d q\u00eb, sipas tij, zbulojn\u00eb nd\u00ebrhyrje n\u00eb proceset gjyq\u00ebsore dhe pazare t\u00eb kryera brenda sistemit t\u00eb drejt\u00ebsis\u00eb.<\/p>\n<p>\u201cS\u00eb fundmi, n\u00eb parlament un\u00eb lexova mesazhin e nj\u00eb qytetari dixhital q\u00eb vinte nga prokuroria.<\/p>\n<p>Do e lexoj edhe nj\u00ebher\u00eb.<\/p>\n<p>\u201cDoktor, mir\u00ebmbr\u00ebma. Nj\u00eb burim nga prokuroria m\u00eb informon sonte n\u00eb lidhje me nj\u00eb \u00e7\u00ebshtje n\u00eb proces hetimi. Altin Dumani ka b\u00ebr\u00eb nj\u00eb ujdi p\u00ebr 5 milion\u00eb euro n\u00eb lidhje me dosjen e shtetasit Kreshnik Farruku nga Manza, Durr\u00ebs, mik e bashk\u00ebpun\u00ebtor me Artur Shehun dhe tani me Xhevdet Troplinin (Poj\u00ebn) dhe Elvis Do\u00e7in (Visin e Poj\u00ebs), ky \u00ebsht\u00eb dh\u00ebndri.<\/p>\n<p>Ky shtetas ka nj\u00eb procedim n\u00eb shtetin italian p\u00ebr tre episode. N\u00eb Savona, n\u00eb Gjenoa, n\u00eb Ankona ku jan\u00eb kapur sasi t\u00eb m\u00ebdha kokaine.<\/p>\n<p>P\u00ebr k\u00ebt\u00eb fakt ka dhe procedim penal n\u00eb shtetin italian dhe gjykata e Durr\u00ebsit i ka vendosur mas\u00eb sigurimi p\u00ebr ekstradim.<\/p>\n<p>M\u00eb pas, Spaku, k\u00ebtu hyjn\u00eb milionat, ka filluar procedimin p\u00ebr t\u00eb nj\u00ebjtat fakte t\u00eb ndodhura n\u00eb shtetin italian dhe i vendos mas\u00eb sigurimi.<\/p>\n<p>\u00c7far\u00eb do t\u00eb thot\u00eb? Q\u00eb nuk mund t\u00eb ekstradohet.<\/p>\n<p>Gjykata e Durr\u00ebsit i vendosi mas\u00eb sigurie q\u00eb t\u00eb ekstradohej. Tani Troplini i vendos mas\u00eb sigurie q\u00eb t\u00eb mos ekstradohet. E kuptoni tani? Se po e heton ky, se dol\u00ebn 5 milion\u00eb.<\/p>\n<p>Me dat\u00ebn 11.5.2025, Gjykata e Lart\u00eb, kundrejt nj\u00eb shume t\u00eb lart\u00eb parash, ia heq mas\u00ebn e arrestit dhe e le me detyrim paraqitje.<\/p>\n<p>E kuptoni tani se \u00e7\u2019ndodh?<\/p>\n<p>Dumani i ka premtuar q\u00eb t\u2019i kaloj\u00eb p\u00ebrgjegj\u00ebsin\u00eb v\u00ebllait t\u00eb tij, duke manipuluar telefonatat e kriptuara dhe duke ia atribuuar v\u00ebllait t\u00eb tij.<\/p>\n<p>Shuma e ujdis\u00eb do konvertohet n\u00eb gur\u00eb t\u00eb \u00e7muar, diamante.<\/p>\n<p>Imagjinoni!<\/p>\n<p>Personi ku investon t\u00eb ardhurat Dumani \u00ebsht\u00eb daja i bashk\u00ebshortes s\u00eb tij, Anton Pango, person me precedent penal\u201d.<\/p>\n<p>Tani, kam nj\u00eb pyetje p\u00ebr \u00e7do shqiptar. Kush e heton Altin Dumanin? Ja urdh\u00ebro.<\/p>\n<p>Dhe u ftoj ju si gazetar\u00eb, ftoj mediat t\u00eb verifikojn\u00eb a ekziston shtetasi Kreshnik Farruku nga Manza. A ka qen\u00eb i arrestuar nga Gjykata e Durr\u00ebsit ky shtetas?<\/p>\n<p>Mediat kan\u00eb nj\u00eb fush\u00eb t\u00eb hapur investigimi.<\/p>\n<p>A e ka marr\u00eb Troplini n\u00eb mas\u00eb sigurie pas mas\u00ebs s\u00eb siguris\u00eb q\u00eb ka vendosur gjykata? K\u00ebto jan\u00eb gj\u00ebra konkrete.<\/p>\n<p>A ka qen\u00eb n\u00eb Gjykat\u00eb t\u00eb Lart\u00eb rasti dhe \u00e7far\u00eb vendimi ka marr\u00eb Gjykata e Lart\u00eb?<\/p>\n<p>Pra, v\u00ebrtet ky \u00ebsht\u00eb nj\u00eb qytetar dixhital, por nj\u00eb qytetar dixhital q\u00eb ka renditur k\u00ebtu fakte t\u00eb cilat k\u00ebrkojn\u00eb hetim dhe verifikim.<\/p>\n<p>Po tani kush e heton Altin Troplinin, m\u00eb thoni mua ju?<\/p>\n<p>Ja pra q\u00eb nuk e heton asnj\u00eb njeri Altin Troplinin.<\/p>\n<p>Kur e kan\u00eb pyetur koh\u00eb m\u00eb par\u00eb se kush u kontrollon ju, ka th\u00ebn\u00eb se kemi kontroll shum\u00eb t\u00eb fort\u00eb.<\/p>\n<p>Por ja urdh\u00ebro, kush e heton dot k\u00ebt\u00eb?<\/p>\n<p>Shikoni.<\/p>\n<p>Po kjo \u00ebsht\u00eb me shum\u00eb pasoja.<\/p>\n<p>Un\u00eb kam denoncuar, dhe nuk ka kund\u00ebrshtuar dot kurr\u00eb, faktin se kur thirri prokurorin p\u00ebr ta b\u00ebr\u00eb p\u00ebrgjegj\u00ebs p\u00ebr nj\u00eb pazar q\u00eb kishte b\u00ebr\u00eb me band\u00ebn e Suel \u00c7el\u00ebs, ai i tha, po ti more 1 milion nga Ymer Lala, sepse ti nga 19 pyetje q\u00eb i b\u00ebre Ymer Lal\u00ebs, i denoncuar nga Luftar Re\u00e7i p\u00ebr vrasje, ti e pyete p\u00ebr \u00e7do gj\u00eb, por p\u00ebr vrasje nuk e pyete at\u00eb dhe e lirove.<\/p>\n<p>Asnj\u00eb reagim ai p\u00ebr k\u00ebto.<\/p>\n<p>Tani del \u00e7\u00ebshtja tjet\u00ebr.<\/p>\n<p>Un\u00eb e shoh k\u00ebt\u00eb nj\u00eb problem shum\u00eb serioz, shum\u00eb madhor.<\/p>\n<p>Kush e heton k\u00ebt\u00eb? Prokurori i P\u00ebrgjithsh\u00ebm, asnj\u00eb tag\u00ebr. Prokurorit t\u00eb P\u00ebrgjithsh\u00ebm i kan\u00eb hequr \u00e7do kompetenc\u00eb kushtetuese.<\/p>\n<p>KLP-ja? Larg qoft\u00eb.<\/p>\n<p>Ajo zonja e ka nd\u00ebrmend si t\u00eb organizoj\u00eb 15 retreat-e. E lodhura shum\u00eb. 15 retreat-e n\u00eb vit me parat\u00eb e taksapaguesve. Dhe pastaj thot\u00eb se at\u00eb kodin nuk kemi ekspert ta shqyrtojm\u00eb.<\/p>\n<p>E kuptoni ju.<\/p>\n<p>Prandaj dhe ky \u00ebsht\u00eb recidivist.<\/p>\n<p>Un\u00eb shtroj pyetjen: kush e heton k\u00ebt\u00eb \u00e7\u00ebshtje?<\/p>\n<p>Nuk \u00ebsht\u00eb rasti i par\u00eb. Por ky \u00ebsht\u00eb m\u00eb flagranti dhe m\u00eb konkreti.<\/p>\n<p>Ky vjen i referohet prokuroris\u00eb, sepse vet\u00ebm prokuroria mund t\u2019i dij\u00eb t\u00eb gjitha k\u00ebto.<\/p>\n<p>Ja pra ku \u00ebsht\u00eb njeriu af\u00ebrmendsh, af\u00ebrmendshi q\u00eb do b\u00ebj\u00eb gjykat\u00ebsi at\u00eb q\u00eb them un\u00eb. Irena Gjoka b\u00ebn at\u00eb q\u00eb them un\u00eb, dhe gjykat\u00ebsit e tjer\u00eb, sepse ai i v\u00eb n\u00ebn kontroll mizor. Po at\u00eb kush e kontroll? Asnj\u00eb njeri\u201d, u shpreh Berisha.<\/p>\n","protected":false},"excerpt":{"rendered":"<p>Kryetari i PD, Sali Berisha tha n\u00eb konferenc\u00ebn p\u00ebr shtyp se, Altin Troplini mori 5 milion\u00eb euro p\u00ebr t\u00eb liruar Kreshnik Farrukun! Berisha tha se, disponon mesazhe t\u00eb ardhura nga \u201cqytetar\u00eb dixhital\u00eb\u201d q\u00eb, sipas tij, zbulojn\u00eb nd\u00ebrhyrje n\u00eb proceset gjyq\u00ebsore dhe pazare t\u00eb kryera brenda sistemit t\u00eb drejt\u00ebsis\u00eb. \u201cS\u00eb fundmi, n\u00eb parlament un\u00eb lexova mesazhin &hellip;<\/p>\n","protected":false},"author":4,"featured_media":126771,"comment_status":"closed","ping_status":"closed","sticky":false,"template":"","format":"standard","meta":{"footnotes":""},"categories":[37],"tags":[],"class_list":["post-126777","post","type-post","status-publish","format-standard","has-post-thumbnail","","category-politike"],"_links":{"self":[{"href":"https:\/\/rdnews.al\/index.php\/wp-json\/wp\/v2\/posts\/126777","targetHints":{"allow":["GET"]}}],"collection":[{"href":"https:\/\/rdnews.al\/index.php\/wp-json\/wp\/v2\/posts"}],"about":[{"href":"https:\/\/rdnews.al\/index.php\/wp-json\/wp\/v2\/types\/post"}],"author":[{"embeddable":true,"href":"https:\/\/rdnews.al\/index.php\/wp-json\/wp\/v2\/users\/4"}],"replies":[{"embeddable":true,"href":"https:\/\/rdnews.al\/index.php\/wp-json\/wp\/v2\/comments?post=126777"}],"version-history":[{"count":2,"href":"https:\/\/rdnews.al\/index.php\/wp-json\/wp\/v2\/posts\/126777\/revisions"}],"predecessor-version":[{"id":126779,"href":"https:\/\/rdnews.al\/index.php\/wp-json\/wp\/v2\/posts\/126777\/revisions\/126779"}],"wp:featuredmedia":[{"embeddable":true,"href":"https:\/\/rdnews.al\/index.php\/wp-json\/wp\/v2\/media\/126771"}],"wp:attachment":[{"href":"https:\/\/rdnews.al\/index.php\/wp-json\/wp\/v2\/media?parent=126777"}],"wp:term":[{"taxonomy":"category","embeddable":true,"href":"https:\/\/rdnews.al\/index.php\/wp-json\/wp\/v2\/categories?post=126777"},{"taxonomy":"post_tag","embeddable":true,"href":"https:\/\/rdnews.al\/index.php\/wp-json\/wp\/v2\/tags?post=126777"}],"curies":[{"name":"wp","href":"https:\/\/api.w.org\/{rel}","templated":true}]}}