{"id":126780,"date":"2025-10-28T12:55:13","date_gmt":"2025-10-28T12:55:13","guid":{"rendered":"https:\/\/rdnews.al\/?p=126780"},"modified":"2025-10-28T12:55:37","modified_gmt":"2025-10-28T12:55:37","slug":"berisha-jemi-kunder-zvogelimit-te-numri-te-bashkive-dy-kushtet-tona-per-komisionet-e-posacme-jane-pranuar","status":"publish","type":"post","link":"https:\/\/rdnews.al\/index.php\/2025\/10\/28\/berisha-jemi-kunder-zvogelimit-te-numri-te-bashkive-dy-kushtet-tona-per-komisionet-e-posacme-jane-pranuar\/","title":{"rendered":"Berisha: Jemi kund\u00ebr zvog\u00eblimit t\u00eb numrit t\u00eb bashkive, dy kushtet tona p\u00ebr Komisionet e posa\u00e7me jan\u00eb pranuar"},"content":{"rendered":"<p>Kryetari i PD, Sali Berisha\u00a0tha se, Partia Demokratike \u00ebsht\u00eb kund\u00ebr zvog\u00eblimit t\u00eb numrit t\u00eb bashkive, duke theksuar se \u00e7do ndryshim territorial duhet t\u00eb b\u00ebhet vet\u00ebm me transparenc\u00eb dhe me asistenc\u00eb nd\u00ebrkomb\u00ebtare.<br \/>\nN\u00eb nj\u00eb deklarat\u00eb p\u00ebr mediat, Berisha b\u00ebri t\u00eb ditur se dy kushtet e vendosura nga opozita p\u00ebr ngritjen e komisioneve t\u00eb posa\u00e7me parlamentare jan\u00eb pranuar, duke i cil\u00ebsuar si hapa pozitiv\u00eb drejt nj\u00eb procesi t\u00eb ndersh\u00ebm reformash.<br \/>\n\u201cTani, ka dhe nj\u00eb mendim tjet\u00ebr q\u00eb \u00ebsht\u00eb i kahersh\u00ebm, n\u00ebse hyn n\u00eb anale. Po \u00ebsht\u00eb 25-30 vite m\u00eb par\u00eb, q\u00eb vendi t\u00eb b\u00ebhet me dy Dhoma. T\u00eb ket\u00eb dhom\u00ebn e lart\u00eb, Senatin dhe dhom\u00ebn e parlamentit.<br \/>\nUn\u00eb jam dakord me k\u00ebt\u00eb variant, sepse sado pak, pak, por n\u00ebse e nd\u00ebrton Senatin jo si nj\u00eb institucion bllokues, se me bllokim shteti nuk nd\u00ebrtohet, por si nj\u00eb institucion frenues n\u00eb nj\u00eb far\u00eb m\u00ebnyre, at\u00ebher\u00eb i b\u00ebn nj\u00eb t\u00eb mir\u00eb vendit.<br \/>\nSenati \u00ebsht\u00eb i dobish\u00ebm, shum\u00eb vende e kan\u00eb, ka t\u00eb tjera q\u00eb nuk e kan\u00eb.<br \/>\nShqip\u00ebria n\u00ebse vendos t\u00eb ket\u00eb senat, at\u00ebher\u00eb pa diskutim q\u00eb duhet t\u00eb pak\u00ebsoj\u00eb numrin e deputet\u00ebve.<br \/>\nP\u00ebr bashkit\u00eb jo, nuk jemi p\u00ebr zvog\u00eblimin e tyre&#8230;<br \/>\n&#8230; Un\u00eb them t\u00eb jen\u00eb m\u00eb shum\u00eb, por ne kemi v\u00ebn\u00eb nj\u00eb kusht q\u00eb \u00ebsht\u00eb pranuar. Kushti yn\u00eb \u00ebsht\u00eb q\u00eb n\u00eb Komisionin p\u00ebr Reform\u00ebn Zgjedhore i pranish\u00ebm t\u00eb jet\u00eb ODIHR dhe t\u00eb na ndihmoj\u00eb.<br \/>\nN\u00eb Komisionin p\u00ebr Reform\u00ebn Territoriale t\u00eb jen\u00eb ekspert\u00ebt e Kongresit t\u00eb Autoriteteve Rajonale dhe Lokale t\u00eb Europ\u00ebs, pran\u00eb K\u00ebshillit t\u00eb Europ\u00ebs. Kan\u00eb ekspertiz\u00ebn m\u00eb t\u00eb shk\u00eblqyer m\u00eb t\u00eb mir\u00eb n\u00eb nd\u00ebrtimin e pushtetit vendor\u201d, tha Berisha.<\/p>\n","protected":false},"excerpt":{"rendered":"<p>Kryetari i PD, Sali Berisha\u00a0tha se, Partia Demokratike \u00ebsht\u00eb kund\u00ebr zvog\u00eblimit t\u00eb numrit t\u00eb bashkive, duke theksuar se \u00e7do ndryshim territorial duhet t\u00eb b\u00ebhet vet\u00ebm me transparenc\u00eb dhe me asistenc\u00eb nd\u00ebrkomb\u00ebtare. N\u00eb nj\u00eb deklarat\u00eb p\u00ebr mediat, Berisha b\u00ebri t\u00eb ditur se dy kushtet e vendosura nga opozita p\u00ebr ngritjen e komisioneve t\u00eb posa\u00e7me parlamentare jan\u00eb &hellip;<\/p>\n","protected":false},"author":4,"featured_media":126767,"comment_status":"closed","ping_status":"closed","sticky":false,"template":"","format":"standard","meta":{"footnotes":""},"categories":[37],"tags":[],"class_list":["post-126780","post","type-post","status-publish","format-standard","has-post-thumbnail","","category-politike"],"_links":{"self":[{"href":"https:\/\/rdnews.al\/index.php\/wp-json\/wp\/v2\/posts\/126780","targetHints":{"allow":["GET"]}}],"collection":[{"href":"https:\/\/rdnews.al\/index.php\/wp-json\/wp\/v2\/posts"}],"about":[{"href":"https:\/\/rdnews.al\/index.php\/wp-json\/wp\/v2\/types\/post"}],"author":[{"embeddable":true,"href":"https:\/\/rdnews.al\/index.php\/wp-json\/wp\/v2\/users\/4"}],"replies":[{"embeddable":true,"href":"https:\/\/rdnews.al\/index.php\/wp-json\/wp\/v2\/comments?post=126780"}],"version-history":[{"count":2,"href":"https:\/\/rdnews.al\/index.php\/wp-json\/wp\/v2\/posts\/126780\/revisions"}],"predecessor-version":[{"id":126782,"href":"https:\/\/rdnews.al\/index.php\/wp-json\/wp\/v2\/posts\/126780\/revisions\/126782"}],"wp:featuredmedia":[{"embeddable":true,"href":"https:\/\/rdnews.al\/index.php\/wp-json\/wp\/v2\/media\/126767"}],"wp:attachment":[{"href":"https:\/\/rdnews.al\/index.php\/wp-json\/wp\/v2\/media?parent=126780"}],"wp:term":[{"taxonomy":"category","embeddable":true,"href":"https:\/\/rdnews.al\/index.php\/wp-json\/wp\/v2\/categories?post=126780"},{"taxonomy":"post_tag","embeddable":true,"href":"https:\/\/rdnews.al\/index.php\/wp-json\/wp\/v2\/tags?post=126780"}],"curies":[{"name":"wp","href":"https:\/\/api.w.org\/{rel}","templated":true}]}}