{"id":126783,"date":"2025-10-28T12:59:22","date_gmt":"2025-10-28T12:59:22","guid":{"rendered":"https:\/\/rdnews.al\/?p=126783"},"modified":"2025-10-28T12:59:22","modified_gmt":"2025-10-28T12:59:22","slug":"berisha-ramen-mund-ta-takoj-vetem-per-te-percaktuar-senatin-ne-kushtetuten-e-vendit","status":"publish","type":"post","link":"https:\/\/rdnews.al\/index.php\/2025\/10\/28\/berisha-ramen-mund-ta-takoj-vetem-per-te-percaktuar-senatin-ne-kushtetuten-e-vendit\/","title":{"rendered":"Berisha: Ram\u00ebn mund ta takoj vet\u00ebm p\u00ebr t\u00eb p\u00ebrcaktuar Senatin n\u00eb Kushtetut\u00ebn e vendit"},"content":{"rendered":"<p>Kryetari i PD, Sali Berisha, n\u00eb konferenc\u00ebn e sotme p\u00ebr media deklaroi se mund t\u00eb takohet me kryeministrin Edi Rama vet\u00ebm p\u00ebr nj\u00eb \u00e7\u00ebshtje: p\u00ebrcaktimin e Senatit n\u00eb Kushtetut\u00ebn e vendit.<\/p>\n<p>\u201cRam\u00ebn mund ta takoj vet\u00ebm p\u00ebr t\u00eb p\u00ebrcaktuar Senatin n\u00eb Kushtetut\u00ebn e Republik\u00ebs\u201d, tha Berisha, duke theksuar se \u00e7do ndryshim tjet\u00ebr kushtetues \u00ebsht\u00eb i panevojsh\u00ebm.<\/p>\n<p>\u201cNuk ka asgj\u00eb p\u00ebr t\u00eb prekur Kushtetut\u00ebn. Por n\u00ebse \u00ebsht\u00eb problemi p\u00ebr t\u00eb p\u00ebrcaktuar Senatin e Republik\u00ebs, po jam gati, nuk kemi asnj\u00eb kompleks aty, sepse besojm\u00eb se \u00ebsht\u00eb nj\u00eb institucion i dobish\u00ebm dhe jo duke r\u00ebnduar buxhetin e taks\u00eb paguesve, por duke zvog\u00ebluar numrin e deputet\u00ebve.<\/p>\n<p>P\u00ebrsa i p\u00ebrket reform\u00ebs territoriale nuk ka nevoj\u00eb p\u00ebr Kushtetut\u00eb, ju siguroj q\u00eb nuk ka\u201d, tha Berisha.<\/p>\n","protected":false},"excerpt":{"rendered":"<p>Kryetari i PD, Sali Berisha, n\u00eb konferenc\u00ebn e sotme p\u00ebr media deklaroi se mund t\u00eb takohet me kryeministrin Edi Rama vet\u00ebm p\u00ebr nj\u00eb \u00e7\u00ebshtje: p\u00ebrcaktimin e Senatit n\u00eb Kushtetut\u00ebn e vendit. \u201cRam\u00ebn mund ta takoj vet\u00ebm p\u00ebr t\u00eb p\u00ebrcaktuar Senatin n\u00eb Kushtetut\u00ebn e Republik\u00ebs\u201d, tha Berisha, duke theksuar se \u00e7do ndryshim tjet\u00ebr kushtetues \u00ebsht\u00eb i &hellip;<\/p>\n","protected":false},"author":4,"featured_media":106567,"comment_status":"closed","ping_status":"closed","sticky":false,"template":"","format":"standard","meta":{"footnotes":""},"categories":[37],"tags":[],"class_list":["post-126783","post","type-post","status-publish","format-standard","has-post-thumbnail","","category-politike"],"_links":{"self":[{"href":"https:\/\/rdnews.al\/index.php\/wp-json\/wp\/v2\/posts\/126783","targetHints":{"allow":["GET"]}}],"collection":[{"href":"https:\/\/rdnews.al\/index.php\/wp-json\/wp\/v2\/posts"}],"about":[{"href":"https:\/\/rdnews.al\/index.php\/wp-json\/wp\/v2\/types\/post"}],"author":[{"embeddable":true,"href":"https:\/\/rdnews.al\/index.php\/wp-json\/wp\/v2\/users\/4"}],"replies":[{"embeddable":true,"href":"https:\/\/rdnews.al\/index.php\/wp-json\/wp\/v2\/comments?post=126783"}],"version-history":[{"count":1,"href":"https:\/\/rdnews.al\/index.php\/wp-json\/wp\/v2\/posts\/126783\/revisions"}],"predecessor-version":[{"id":126784,"href":"https:\/\/rdnews.al\/index.php\/wp-json\/wp\/v2\/posts\/126783\/revisions\/126784"}],"wp:featuredmedia":[{"embeddable":true,"href":"https:\/\/rdnews.al\/index.php\/wp-json\/wp\/v2\/media\/106567"}],"wp:attachment":[{"href":"https:\/\/rdnews.al\/index.php\/wp-json\/wp\/v2\/media?parent=126783"}],"wp:term":[{"taxonomy":"category","embeddable":true,"href":"https:\/\/rdnews.al\/index.php\/wp-json\/wp\/v2\/categories?post=126783"},{"taxonomy":"post_tag","embeddable":true,"href":"https:\/\/rdnews.al\/index.php\/wp-json\/wp\/v2\/tags?post=126783"}],"curies":[{"name":"wp","href":"https:\/\/api.w.org\/{rel}","templated":true}]}}