{"id":126791,"date":"2025-10-28T17:38:26","date_gmt":"2025-10-28T17:38:26","guid":{"rendered":"https:\/\/rdnews.al\/?p=126791"},"modified":"2025-10-28T17:38:26","modified_gmt":"2025-10-28T17:38:26","slug":"tre-vrasje-dhe-nje-shperthim-tritoli-brenda-pak-oresh-policia-hesht","status":"publish","type":"post","link":"https:\/\/rdnews.al\/index.php\/2025\/10\/28\/tre-vrasje-dhe-nje-shperthim-tritoli-brenda-pak-oresh-policia-hesht\/","title":{"rendered":"Tre vrasje dhe nj\u00eb shperthim tritoli brenda pak or\u00ebsh, policia hesht!"},"content":{"rendered":"<p>Nj\u00eb dit\u00eb e zakonshme \u00ebsht\u00eb kthyer n\u00eb nj\u00eb dit\u00eb terrori n\u00eb disa qytete t\u00eb vendit, ku brenda pak or\u00ebsh jan\u00eb sh\u00ebnuar dy vrasje dhe nj\u00eb shp\u00ebrthim tritoli, nd\u00ebrsa Policia e Shtetit vazhdon t\u00eb publikoj\u00eb njoftime rutin\u00eb p\u00ebr \u201cparandalim krimesh\u201d dhe gjoba parkimi.<\/p>\n<p><strong>Durr\u00ebs &#8211; Djali masakron t\u00eb atin me thik\u00eb para syve t\u00eb n\u00ebn\u00ebs<\/strong><\/p>\n<p>Nj\u00eb ngjarje e r\u00ebnd\u00eb ka ndodhur paraditen e sotme n\u00eb\u00a0<a href=\"https:\/\/boldnews.al\/2025\/10\/28\/tragjedi-ne-durres-djali-vret-me-thike-babain-para-syve-te-nenes-detajet\/\" target=\"_blank\" rel=\"noopener\">Durr\u00ebs,<\/a>\u00a0ku nj\u00eb 25-vje\u00e7ar ka vrar\u00eb me thik\u00eb t\u00eb atin n\u00eb banes\u00ebn e familjes n\u00eb fshatin Shkallnur. Viktima \u00ebsht\u00eb identifikuar si Pjet\u00ebr Kodheli, 69 vje\u00e7, nd\u00ebrsa autori i dyshuar \u00ebsht\u00eb i biri, Marjan Kodheli.<\/p>\n<p>Sipas burimeve, konflikti mes tyre ka nisur brenda banes\u00ebs dhe \u00ebsht\u00eb p\u00ebrshkall\u00ebzuar me dhun\u00eb. N\u00ebna e autorit ka qen\u00eb e pranishme gjat\u00eb krimit dhe ka tentuar ta ndaloj\u00eb t\u00eb birin, por pa sukses. Ajo ka nd\u00ebrhyr\u00eb mes tyre, por 25-vje\u00e7ari ka vazhduar t\u00eb godas\u00eb me thik\u00eb t\u00eb atin, duke i shkaktuar plag\u00eb t\u00eb r\u00ebnda q\u00eb i mor\u00ebn jet\u00ebn gjat\u00eb rrug\u00ebs p\u00ebr n\u00eb spital.<\/p>\n<p>Pas krimit, autori \u00ebsht\u00eb larguar nga banesa dhe \u00ebsht\u00eb kapur pas rreth dy or\u00ebsh n\u00eb nj\u00eb lokal n\u00eb pron\u00ebsi t\u00eb s\u00eb motr\u00ebs, n\u00eb zon\u00ebn bregdetare t\u00eb Shk\u00ebmbit t\u00eb Kavaj\u00ebs. Sipas raportimeve, ai vuante nga probleme t\u00eb sh\u00ebndetit mendor dhe m\u00eb her\u00ebt kishte shfaqur sjellje agresive, por asnj\u00eb institucion nuk kishte marr\u00eb masa p\u00ebr trajtimin e tij.<\/p>\n<p><strong>Tiran\u00eb \u2013 Sherr mes koleg\u00ebve p\u00ebrfundon n\u00eb vrasje<\/strong><\/p>\n<p>Pak or\u00eb pas krimit t\u00eb r\u00ebnd\u00eb n\u00eb Durr\u00ebs, nj\u00eb tjet\u00ebr ngjarje tronditi kryeqytetin. N\u00eb nj\u00eb lokal n\u00eb zon\u00ebn e Komun\u00ebs s\u00eb Parisit, nj\u00eb\u00a0<a href=\"https:\/\/boldnews.al\/2025\/10\/28\/vrasje-me-thike-te-komuna-e-parisit-ne-tirane\/\" target=\"_blank\" rel=\"noopener\">debat banal<\/a>\u00a0mes dy punonj\u00ebsve p\u00ebrfundoi n\u00eb tragjedi.<\/p>\n<p>Kuzhinieri Indrit Salimllari, 34 vje\u00e7, humbi jet\u00ebn pasi u godit me thik\u00eb nga kolegu i tij, Filip Shehu, 41 vje\u00e7, i cili punonte si picier n\u00eb t\u00eb nj\u00ebjtin lokal.<\/p>\n<p>Sipas d\u00ebshmive, konflikti ka nisur pas akuzave p\u00ebr \u201cbullizim\u201d dhe fyerje t\u00eb vazhdueshme q\u00eb viktima i b\u00ebnte autorit. Pas nj\u00eb debati t\u00eb ashp\u00ebr, Shehu ka nxjerr\u00eb thik\u00ebn e pun\u00ebs dhe e ka goditur kolegun n\u00eb pjes\u00ebn e sip\u00ebrme t\u00eb trupit.<\/p>\n<p>Pavar\u00ebsisht nd\u00ebrhyrjes s\u00eb menj\u00ebhershme t\u00eb koleg\u00ebve dhe d\u00ebrgimit n\u00eb spital, 34-vje\u00e7ari nuk ka mundur t\u2019u mbijetoj\u00eb plag\u00ebve. Autori u arrestua menj\u00ebher\u00eb nga policia.<\/p>\n<p>Ngjarja ka tronditur zon\u00ebn, nd\u00ebrsa banor\u00ebt flasin p\u00ebr nj\u00eb tension t\u00eb p\u00ebrhersh\u00ebm mes dy punonj\u00ebsve, q\u00eb shpesh grindeshin n\u00eb publik.<\/p>\n<p><strong>Shkod\u00ebr \u2013 Shp\u00ebrthim tritoli plagos punonj\u00ebsin e Tatimeve<\/strong><\/p>\n<p>Nd\u00ebrkoh\u00eb, m\u00ebngjesin e sot\u00ebm Shkodra \u00ebsht\u00eb zgjuar nga nj<a href=\"https:\/\/boldnews.al\/2025\/10\/28\/tritoli-ne-makinen-e-punonjesit-te-tatimeve-ne-shkoder-policia-shperthimi-ndodhi-sapo-38-vjecari-ndezi-mjetin\/\" target=\"_blank\" rel=\"noopener\">\u00eb shp\u00ebrthim i fuqish\u00ebm.<\/a>\u00a0L\u00ebnda plas\u00ebse ishte vendosur n\u00eb nj\u00eb motor t\u00eb parkuar pran\u00eb automjetit t\u00eb punonj\u00ebsit t\u00eb Tatimeve, Enea Busukja, 38 vje\u00e7.<\/p>\n<p>N\u00eb momentin q\u00eb ai tentoi t\u00eb hipte n\u00eb makin\u00ebn e tij, motori shp\u00ebrtheu duke e plagosur r\u00ebnd\u00eb. Fatmir\u00ebsisht, Busukja ndodhet jasht\u00eb rrezikut p\u00ebr jet\u00ebn.<\/p>\n<p>Sipas d\u00ebshmive, shp\u00ebrthimi ndodhi n\u00eb rrug\u00ebn \u201cArra e Madhe\u201d, ku d\u00ebmtimet prek\u00ebn edhe nj\u00eb garazh pran\u00eb vendit t\u00eb ngjarjes. Nd\u00ebrkoh\u00eb policia ka gjetur nj\u00eb makin\u00eb t\u00eb djegur n\u00eb periferi t\u00eb qytetit, q\u00eb dyshohet t\u00eb jet\u00eb p\u00ebrdorur nga autor\u00ebt.<\/p>\n<p><strong>Berat \u2013 Konflikt p\u00ebr motive t\u00eb dob\u00ebta p\u00ebrfundon me vrasje<\/strong><\/p>\n<p>Nj\u00eb tjet\u00ebr ngjarje e r\u00ebnd\u00eb ndodhi pasditen e sotme n\u00eb lagjen e Kalas\u00eb, Berat, rreth or\u00ebs 15:10. Nj\u00eb konflikt p\u00ebr motive t\u00eb dob\u00ebta ka p\u00ebrfunduar tragjikisht me humbjen e jet\u00ebs s\u00eb nj\u00eb personi.<\/p>\n<p>Sipas informacionit zyrtar, shtetasi Kristo Mema, alias K. H., 63 vje\u00e7, banues n\u00eb lagjen \u201cBarrikad\u00eb\u201d, dyshohet se ka goditur me mjet prer\u00ebs shtetasin Keli Hoxha, 42 vje\u00e7, banues n\u00eb Tiran\u00eb. Viktima nd\u00ebrroi jet\u00eb n\u00eb spital.<\/p>\n<p>Raportohet se konflikti ka nisur p\u00ebr shkak t\u00eb nj\u00eb kali, me t\u00eb cilin autori ofronte xhiro p\u00ebr turist\u00ebt n\u00eb zon\u00ebn e Kalas\u00eb. Debati ka degjeneruar n\u00eb p\u00ebrplasje fizike, q\u00eb p\u00ebrfundoi tragjikisht.<\/p>\n<p>Autori, i cili ka precedent\u00eb penal\u00eb p\u00ebr nj\u00eb vrasje t\u00eb m\u00ebparshme me thik\u00eb n\u00eb Greqi, \u00ebsht\u00eb ende n\u00eb arrati.<\/p>\n","protected":false},"excerpt":{"rendered":"<p>Nj\u00eb dit\u00eb e zakonshme \u00ebsht\u00eb kthyer n\u00eb nj\u00eb dit\u00eb terrori n\u00eb disa qytete t\u00eb vendit, ku brenda pak or\u00ebsh jan\u00eb sh\u00ebnuar dy vrasje dhe nj\u00eb shp\u00ebrthim tritoli, nd\u00ebrsa Policia e Shtetit vazhdon t\u00eb publikoj\u00eb njoftime rutin\u00eb p\u00ebr \u201cparandalim krimesh\u201d dhe gjoba parkimi. Durr\u00ebs &#8211; Djali masakron t\u00eb atin me thik\u00eb para syve t\u00eb n\u00ebn\u00ebs Nj\u00eb &hellip;<\/p>\n","protected":false},"author":4,"featured_media":126792,"comment_status":"closed","ping_status":"closed","sticky":false,"template":"","format":"standard","meta":{"footnotes":""},"categories":[37],"tags":[],"class_list":["post-126791","post","type-post","status-publish","format-standard","has-post-thumbnail","","category-politike"],"_links":{"self":[{"href":"https:\/\/rdnews.al\/index.php\/wp-json\/wp\/v2\/posts\/126791","targetHints":{"allow":["GET"]}}],"collection":[{"href":"https:\/\/rdnews.al\/index.php\/wp-json\/wp\/v2\/posts"}],"about":[{"href":"https:\/\/rdnews.al\/index.php\/wp-json\/wp\/v2\/types\/post"}],"author":[{"embeddable":true,"href":"https:\/\/rdnews.al\/index.php\/wp-json\/wp\/v2\/users\/4"}],"replies":[{"embeddable":true,"href":"https:\/\/rdnews.al\/index.php\/wp-json\/wp\/v2\/comments?post=126791"}],"version-history":[{"count":1,"href":"https:\/\/rdnews.al\/index.php\/wp-json\/wp\/v2\/posts\/126791\/revisions"}],"predecessor-version":[{"id":126793,"href":"https:\/\/rdnews.al\/index.php\/wp-json\/wp\/v2\/posts\/126791\/revisions\/126793"}],"wp:featuredmedia":[{"embeddable":true,"href":"https:\/\/rdnews.al\/index.php\/wp-json\/wp\/v2\/media\/126792"}],"wp:attachment":[{"href":"https:\/\/rdnews.al\/index.php\/wp-json\/wp\/v2\/media?parent=126791"}],"wp:term":[{"taxonomy":"category","embeddable":true,"href":"https:\/\/rdnews.al\/index.php\/wp-json\/wp\/v2\/categories?post=126791"},{"taxonomy":"post_tag","embeddable":true,"href":"https:\/\/rdnews.al\/index.php\/wp-json\/wp\/v2\/tags?post=126791"}],"curies":[{"name":"wp","href":"https:\/\/api.w.org\/{rel}","templated":true}]}}