{"id":126794,"date":"2025-10-28T17:45:42","date_gmt":"2025-10-28T17:45:42","guid":{"rendered":"https:\/\/rdnews.al\/?p=126794"},"modified":"2025-10-28T17:53:40","modified_gmt":"2025-10-28T17:53:40","slug":"bardhi-lavdet-per-edi-ramen-nuk-do-ta-shpetojne-ballukun-nga-akuzat-per-korrupsion","status":"publish","type":"post","link":"https:\/\/rdnews.al\/index.php\/2025\/10\/28\/bardhi-lavdet-per-edi-ramen-nuk-do-ta-shpetojne-ballukun-nga-akuzat-per-korrupsion\/","title":{"rendered":"Bardhi: Aktrimi i sot\u00ebm sikur asgj\u00eb s&#8217;ka ndodhur nuk do ta shp\u00ebtoj\u00eb Ballukun"},"content":{"rendered":"<p>Kryetari i Grupit Parlamentar t\u00eb PD, Gazment Bardhi shkruan se, n\u00ebn drejtimin e Belinda Ballukut Porti i Durr\u00ebsit \u00ebsht\u00eb kthyer n\u00eb\u00a0\u201cstreh\u00eb t\u00eb sigurt p\u00ebr kartelet shqiptare t\u00eb drog\u00ebs\u201d.<\/p>\n<p>Bardhi theksoi se, kjo situat\u00eb \u00ebsht\u00eb b\u00ebr\u00eb me bekimin e kryeministrit Edi Rama, nd\u00ebrsa paralajm\u00ebroi se as Porti i Durr\u00ebsit nuk mund t\u00eb jet\u00eb streha e Ballukut nga SPAK.<\/p>\n<p>Ai shtoi se aktrimi i ministres sikur asgj\u00eb nuk ka ndodhur teksa prezantonte drejtorin e ri dhe lavdet p\u00ebr Edi Ram\u00ebn nuk do ta shp\u00ebtojn\u00eb nga akuzat p\u00ebr korrupsion.<\/p>\n<p><strong>Reagimi i Bardhi<\/strong>t<\/p>\n<p>Q\u00eb n\u00ebn drejtimin e Belinda Ballukut, me bekimin e Edi Ram\u00ebs, Porti i Durr\u00ebsit \u00ebsht\u00eb shnd\u00ebrruar n\u00eb streh\u00eb t\u00eb sigurt\u00eb p\u00ebr kartelet shqiptare t\u00eb drog\u00ebs, ky \u00ebsht\u00eb nj\u00eb fakt i padiskutuesh\u00ebm. Por, p\u00ebr fatin e keq t\u00eb Belinda Ballukut, Porti i Durr\u00ebsit nuk mund t\u00eb jet\u00eb streha e saj nga SPAK-u.<\/p>\n<p>Aktrimi i sot\u00ebm sikur asgj\u00eb nuk ka ndodhur apo lavdet pa entuziazmin e p\u00ebrhersh\u00ebm p\u00ebr Edi Ram\u00ebn nuk do ta shp\u00ebtojn\u00eb dot nga akuza penale p\u00ebr veprat e saj madhore korruptive.<\/p>\n<p>Edhe pse shum\u00eb minore n\u00eb krahasim me megaaferat e firmosura nga ministrja m\u00eb e korruptuar n\u00eb historin\u00eb e Shqip\u00ebris\u00eb, paraqitja t\u00eb premten e Belinda Ballukut n\u00eb dyert e SPAK-ut p\u00ebrb\u00ebn nj\u00eb hap n\u00eb drejtimin e duhur.<\/p>\n","protected":false},"excerpt":{"rendered":"<p>Kryetari i Grupit Parlamentar t\u00eb PD, Gazment Bardhi shkruan se, n\u00ebn drejtimin e Belinda Ballukut Porti i Durr\u00ebsit \u00ebsht\u00eb kthyer n\u00eb\u00a0\u201cstreh\u00eb t\u00eb sigurt p\u00ebr kartelet shqiptare t\u00eb drog\u00ebs\u201d. Bardhi theksoi se, kjo situat\u00eb \u00ebsht\u00eb b\u00ebr\u00eb me bekimin e kryeministrit Edi Rama, nd\u00ebrsa paralajm\u00ebroi se as Porti i Durr\u00ebsit nuk mund t\u00eb jet\u00eb streha e Ballukut &hellip;<\/p>\n","protected":false},"author":4,"featured_media":126742,"comment_status":"closed","ping_status":"closed","sticky":false,"template":"","format":"standard","meta":{"footnotes":""},"categories":[37],"tags":[],"class_list":["post-126794","post","type-post","status-publish","format-standard","has-post-thumbnail","","category-politike"],"_links":{"self":[{"href":"https:\/\/rdnews.al\/index.php\/wp-json\/wp\/v2\/posts\/126794","targetHints":{"allow":["GET"]}}],"collection":[{"href":"https:\/\/rdnews.al\/index.php\/wp-json\/wp\/v2\/posts"}],"about":[{"href":"https:\/\/rdnews.al\/index.php\/wp-json\/wp\/v2\/types\/post"}],"author":[{"embeddable":true,"href":"https:\/\/rdnews.al\/index.php\/wp-json\/wp\/v2\/users\/4"}],"replies":[{"embeddable":true,"href":"https:\/\/rdnews.al\/index.php\/wp-json\/wp\/v2\/comments?post=126794"}],"version-history":[{"count":4,"href":"https:\/\/rdnews.al\/index.php\/wp-json\/wp\/v2\/posts\/126794\/revisions"}],"predecessor-version":[{"id":126801,"href":"https:\/\/rdnews.al\/index.php\/wp-json\/wp\/v2\/posts\/126794\/revisions\/126801"}],"wp:featuredmedia":[{"embeddable":true,"href":"https:\/\/rdnews.al\/index.php\/wp-json\/wp\/v2\/media\/126742"}],"wp:attachment":[{"href":"https:\/\/rdnews.al\/index.php\/wp-json\/wp\/v2\/media?parent=126794"}],"wp:term":[{"taxonomy":"category","embeddable":true,"href":"https:\/\/rdnews.al\/index.php\/wp-json\/wp\/v2\/categories?post=126794"},{"taxonomy":"post_tag","embeddable":true,"href":"https:\/\/rdnews.al\/index.php\/wp-json\/wp\/v2\/tags?post=126794"}],"curies":[{"name":"wp","href":"https:\/\/api.w.org\/{rel}","templated":true}]}}