{"id":126796,"date":"2025-10-28T17:50:52","date_gmt":"2025-10-28T17:50:52","guid":{"rendered":"https:\/\/rdnews.al\/?p=126796"},"modified":"2025-10-28T17:50:52","modified_gmt":"2025-10-28T17:50:52","slug":"tabaku-integrimi-europian-kerkon-reforma-te-thella-jo-propaganda","status":"publish","type":"post","link":"https:\/\/rdnews.al\/index.php\/2025\/10\/28\/tabaku-integrimi-europian-kerkon-reforma-te-thella-jo-propaganda\/","title":{"rendered":"Tabaku: Integrimi europian k\u00ebrkon reforma t\u00eb thella, jo propaganda!"},"content":{"rendered":"<p>Deputetja e PD dhe n\u00ebnkryetare e Komisionit t\u00eb P\u00ebrbashk\u00ebt Parlamentar t\u00eb Stabilizim-Asociimit, Jorida Tabaku, theksoi se, procesi i integrimit t\u00eb Shqip\u00ebris\u00eb n\u00eb Bashkimin Europian nuk mund t\u00eb matet me statistika apo prezantime propagandistike, por k\u00ebrkon reforma t\u00eb thella, transparenc\u00eb dhe llogaridh\u00ebnie.<\/p>\n<p>\u201cIntegrimi nuk \u00ebsht\u00eb statistik\u00eb, por ndryshim i ndersh\u00ebm dhe reforma reale\u201d, deklaroi Tabaku, duke shtuar se sot ky proces \u00ebsht\u00eb kthyer n\u00eb nj\u00eb procedur\u00eb t\u00eb mbyllur, ku as deputet\u00ebt, as shoq\u00ebria civile, as bizneset nuk marrin pjes\u00eb n\u00eb dialog.<\/p>\n<p>Ajo kritikoi m\u00ebnyr\u00ebn se si mazhoranca ka ndryshuar struktur\u00ebn e komisioneve parlamentare, duke e cil\u00ebsuar k\u00ebt\u00eb si nj\u00eb \u201cregres institucional q\u00eb prek zemr\u00ebn e demokracis\u00eb parlamentare\u201d.<\/p>\n<p>Nj\u00eb tjet\u00ebr pik\u00eb e r\u00ebnd\u00ebsishme ishte liria e medias, q\u00eb sipas Tabakut, \u00ebsht\u00eb kusht i panegociuesh\u00ebm p\u00ebr hapjen e kapitujve me BE-n\u00eb. \u201cAsnj\u00eb vend q\u00eb nuk ka liri medie nuk mund t\u00eb flas\u00eb p\u00ebr integrim europian\u201d,\u00a0tha ajo, duke iu referuar raporteve nd\u00ebrkomb\u00ebtare p\u00ebr p\u00ebrqendrim informacioni dhe presione ndaj gazetar\u00ebve.<\/p>\n","protected":false},"excerpt":{"rendered":"<p>Deputetja e PD dhe n\u00ebnkryetare e Komisionit t\u00eb P\u00ebrbashk\u00ebt Parlamentar t\u00eb Stabilizim-Asociimit, Jorida Tabaku, theksoi se, procesi i integrimit t\u00eb Shqip\u00ebris\u00eb n\u00eb Bashkimin Europian nuk mund t\u00eb matet me statistika apo prezantime propagandistike, por k\u00ebrkon reforma t\u00eb thella, transparenc\u00eb dhe llogaridh\u00ebnie. \u201cIntegrimi nuk \u00ebsht\u00eb statistik\u00eb, por ndryshim i ndersh\u00ebm dhe reforma reale\u201d, deklaroi Tabaku, duke &hellip;<\/p>\n","protected":false},"author":4,"featured_media":126797,"comment_status":"closed","ping_status":"closed","sticky":false,"template":"","format":"standard","meta":{"footnotes":""},"categories":[37],"tags":[],"class_list":["post-126796","post","type-post","status-publish","format-standard","has-post-thumbnail","","category-politike"],"_links":{"self":[{"href":"https:\/\/rdnews.al\/index.php\/wp-json\/wp\/v2\/posts\/126796","targetHints":{"allow":["GET"]}}],"collection":[{"href":"https:\/\/rdnews.al\/index.php\/wp-json\/wp\/v2\/posts"}],"about":[{"href":"https:\/\/rdnews.al\/index.php\/wp-json\/wp\/v2\/types\/post"}],"author":[{"embeddable":true,"href":"https:\/\/rdnews.al\/index.php\/wp-json\/wp\/v2\/users\/4"}],"replies":[{"embeddable":true,"href":"https:\/\/rdnews.al\/index.php\/wp-json\/wp\/v2\/comments?post=126796"}],"version-history":[{"count":1,"href":"https:\/\/rdnews.al\/index.php\/wp-json\/wp\/v2\/posts\/126796\/revisions"}],"predecessor-version":[{"id":126798,"href":"https:\/\/rdnews.al\/index.php\/wp-json\/wp\/v2\/posts\/126796\/revisions\/126798"}],"wp:featuredmedia":[{"embeddable":true,"href":"https:\/\/rdnews.al\/index.php\/wp-json\/wp\/v2\/media\/126797"}],"wp:attachment":[{"href":"https:\/\/rdnews.al\/index.php\/wp-json\/wp\/v2\/media?parent=126796"}],"wp:term":[{"taxonomy":"category","embeddable":true,"href":"https:\/\/rdnews.al\/index.php\/wp-json\/wp\/v2\/categories?post=126796"},{"taxonomy":"post_tag","embeddable":true,"href":"https:\/\/rdnews.al\/index.php\/wp-json\/wp\/v2\/tags?post=126796"}],"curies":[{"name":"wp","href":"https:\/\/api.w.org\/{rel}","templated":true}]}}