{"id":126802,"date":"2025-10-28T18:01:33","date_gmt":"2025-10-28T18:01:33","guid":{"rendered":"https:\/\/rdnews.al\/?p=126802"},"modified":"2025-10-28T18:02:32","modified_gmt":"2025-10-28T18:02:32","slug":"ted-kopliku-zgjidhet-drejtues-i-departamentit-brain-gain-ne-pd","status":"publish","type":"post","link":"https:\/\/rdnews.al\/index.php\/2025\/10\/28\/ted-kopliku-zgjidhet-drejtues-i-departamentit-brain-gain-ne-pd\/","title":{"rendered":"Ted Kopliku zgjidhet drejtues i Departamentit Brain Gain n\u00eb PD"},"content":{"rendered":"<p>Tedi Kopliku \u00ebsht\u00eb zgjedhur drejtues i departamentit Brain Gain n\u00eb PD. Kopliku, nj\u00eb an\u00ebtar i vjet\u00ebr n\u00eb k\u00ebt\u00eb grupim dhe ish kandidat p\u00ebr deputet i PD n\u00eb Shkod\u00ebr u zgjodh t\u00eb drejtoj\u00eb Departamentit Brain Gain pas dor\u00ebheqjes s\u00eb Andi Mustafajt.<\/p>\n<p><strong>Postimi i Tedi Koplikut<\/strong><\/p>\n<p>Fal\u00ebnderoj nga zemra t\u00eb gjith\u00eb an\u00ebtar\u00ebt e Departamentit Brain Gain p\u00ebr besimin dhe mb\u00ebshtetjen q\u00eb m\u00eb dhan\u00eb, duke m\u00eb ngarkuar me p\u00ebrgjegj\u00ebsin\u00eb e madhe t\u00eb drejtimit.<\/p>\n<p>Shpresoj ta p\u00ebrmbush me dinjitet, p\u00ebrkushtim dhe rezultate konkrete k\u00ebt\u00eb detyr\u00eb!<\/p>\n<p>Nj\u00eb fal\u00ebnderim i ve\u00e7ant\u00eb shkon p\u00ebr Andin, p\u00ebr pun\u00ebn e jasht\u00ebzakonshme q\u00eb ka b\u00ebr\u00eb gjat\u00eb k\u00ebtyre tre viteve dhe p\u00ebr standardin e lart\u00eb q\u00eb ka vendosur. \u00cbsht\u00eb nj\u00eb sfid\u00eb e v\u00ebshtir\u00eb p\u00ebr mua, por nj\u00eb sfid\u00eb q\u00eb e kam marr p\u00ebrsip\u00ebr me shum\u00eb d\u00ebshir\u00eb dhe vet\u00ebdije.<\/p>\n<p>Fal\u00ebnderoj gjithashtu Nead\u00ebn p\u00ebr gar\u00ebn dinjitoze dhe t\u00eb gjith\u00eb ju q\u00eb u b\u00ebt\u00eb pjes\u00eb e nj\u00eb pro\u00e7esi shembullor. Ve\u00e7an\u00ebrisht Orgestin, Argiten dhe Amarildon q\u00eb garantuan nj\u00eb gar\u00eb, mbi t\u00eb gjitha, me nj\u00eb transparenc\u00eb t\u00eb plot\u00eb.<\/p>\n<p>Tani \u00ebsht\u00eb koha t\u00eb \u00e7ojm\u00eb k\u00ebt\u00eb departament edhe m\u00eb lart.<\/p>\n<p>Ta b\u00ebjm\u00eb laboratorin kryesor t\u00eb ideve dhe burimeve njer\u00ebzore t\u00eb Partis\u00eb Demokratike, n\u00eb sh\u00ebrbim t\u00eb Shqip\u00ebris\u00eb!<\/p>\n<p>Mir\u00ebnjoh\u00ebs!<\/p>\n<p><iframe loading=\"lazy\" src=\"https:\/\/www.facebook.com\/plugins\/post.php?href=https%3A%2F%2Fwww.facebook.com%2FTed.Kopliku%2Fposts%2Fpfbid0b1zPtyhs77oTeWNYDU6vcHw6Ep5MaToCryF6Sv8JCpqgbypYWL7Gnh7M6PyoCrMCl&amp;show_text=true&amp;width=500\" width=\"500\" height=\"756\" frameborder=\"0\" scrolling=\"no\" allowfullscreen=\"allowfullscreen\" data-mce-fragment=\"1\"><\/iframe><\/p>\n","protected":false},"excerpt":{"rendered":"<p>Tedi Kopliku \u00ebsht\u00eb zgjedhur drejtues i departamentit Brain Gain n\u00eb PD. Kopliku, nj\u00eb an\u00ebtar i vjet\u00ebr n\u00eb k\u00ebt\u00eb grupim dhe ish kandidat p\u00ebr deputet i PD n\u00eb Shkod\u00ebr u zgjodh t\u00eb drejtoj\u00eb Departamentit Brain Gain pas dor\u00ebheqjes s\u00eb Andi Mustafajt. Postimi i Tedi Koplikut Fal\u00ebnderoj nga zemra t\u00eb gjith\u00eb an\u00ebtar\u00ebt e Departamentit Brain Gain p\u00ebr &hellip;<\/p>\n","protected":false},"author":4,"featured_media":126803,"comment_status":"closed","ping_status":"closed","sticky":false,"template":"","format":"standard","meta":{"footnotes":""},"categories":[37],"tags":[],"class_list":["post-126802","post","type-post","status-publish","format-standard","has-post-thumbnail","","category-politike"],"_links":{"self":[{"href":"https:\/\/rdnews.al\/index.php\/wp-json\/wp\/v2\/posts\/126802","targetHints":{"allow":["GET"]}}],"collection":[{"href":"https:\/\/rdnews.al\/index.php\/wp-json\/wp\/v2\/posts"}],"about":[{"href":"https:\/\/rdnews.al\/index.php\/wp-json\/wp\/v2\/types\/post"}],"author":[{"embeddable":true,"href":"https:\/\/rdnews.al\/index.php\/wp-json\/wp\/v2\/users\/4"}],"replies":[{"embeddable":true,"href":"https:\/\/rdnews.al\/index.php\/wp-json\/wp\/v2\/comments?post=126802"}],"version-history":[{"count":2,"href":"https:\/\/rdnews.al\/index.php\/wp-json\/wp\/v2\/posts\/126802\/revisions"}],"predecessor-version":[{"id":126805,"href":"https:\/\/rdnews.al\/index.php\/wp-json\/wp\/v2\/posts\/126802\/revisions\/126805"}],"wp:featuredmedia":[{"embeddable":true,"href":"https:\/\/rdnews.al\/index.php\/wp-json\/wp\/v2\/media\/126803"}],"wp:attachment":[{"href":"https:\/\/rdnews.al\/index.php\/wp-json\/wp\/v2\/media?parent=126802"}],"wp:term":[{"taxonomy":"category","embeddable":true,"href":"https:\/\/rdnews.al\/index.php\/wp-json\/wp\/v2\/categories?post=126802"},{"taxonomy":"post_tag","embeddable":true,"href":"https:\/\/rdnews.al\/index.php\/wp-json\/wp\/v2\/tags?post=126802"}],"curies":[{"name":"wp","href":"https:\/\/api.w.org\/{rel}","templated":true}]}}