{"id":126806,"date":"2025-10-28T18:06:38","date_gmt":"2025-10-28T18:06:38","guid":{"rendered":"https:\/\/rdnews.al\/?p=126806"},"modified":"2025-10-28T18:06:38","modified_gmt":"2025-10-28T18:06:38","slug":"beleri-ne-pe-ne-shqiperi-parate-e-shtetit-u-perdoren-per-blerjen-e-votave","status":"publish","type":"post","link":"https:\/\/rdnews.al\/index.php\/2025\/10\/28\/beleri-ne-pe-ne-shqiperi-parate-e-shtetit-u-perdoren-per-blerjen-e-votave\/","title":{"rendered":"Beleri n\u00eb PE: N\u00eb Shqip\u00ebri parat\u00eb e shtetit u p\u00ebrdor\u00ebn p\u00ebr blerjen e votave!"},"content":{"rendered":"<p>Eurodeputeti Fredi Beleri, gjat\u00eb fjal\u00ebs s\u00eb tij n\u00eb mbledhjen e Komitetit Parlamentar t\u00eb Stabilizim-Asocimit BE\u2013Shqip\u00ebri, ka ngritur shqet\u00ebsime t\u00eb forta p\u00ebr procesin zgjedhor n\u00eb Shqip\u00ebri, duke akuzuar qeverin\u00eb p\u00ebr p\u00ebrdorim t\u00eb fondeve publike n\u00eb blerjen e votave.<\/p>\n<p>Beleri tha se raporti i OSBE\/ODIHR dhe q\u00ebndrimet e Parlamentit Europian kan\u00eb faktuar k\u00ebt\u00eb fenomen n\u00eb, zgjedhjet e 11 majit, duke theksuar se nj\u00eb vend q\u00eb p\u00ebrballet me k\u00ebto probleme nuk mund t\u00eb jet\u00eb ende i gatsh\u00ebm p\u00ebr an\u00ebtar\u00ebsim n\u00eb Bashkimin Europian.<\/p>\n<p>\u201cNuk kam shum\u00eb p\u00ebr t\u00eb th\u00ebn\u00eb, desha vet\u00ebm t\u00eb thoja q\u00eb jam i k\u00ebnaqur q\u00eb jam k\u00ebtu dhe se dua t\u00eb kontribuoj me gjith\u00e7ka q\u00eb mundem. \u00cbndrra q\u00eb Shqip\u00ebria t\u00eb b\u00ebhet an\u00ebtare e BE, kam jetuar gjysm\u00ebn e jet\u00ebs n\u00eb Shqip\u00ebri dhe gjysm\u00ebn n\u00eb Greqi. E kuptoj dallimin mes tyre, e di se \u00ebsht\u00eb e nevojshme q\u00eb Shqip\u00ebria t\u00eb hyj\u00eb n\u00eb Bashkimin Europian por shum\u00eb nga gj\u00ebrat q\u00eb jan\u00eb th\u00ebn\u00eb, nuk pasqyrojn\u00eb realitetin e vendit\u201d,\u00a0deklaroi eurodeputeti.<\/p>\n<p>Ai shtoi se realiteti i v\u00ebrtet\u00eb \u00ebsht\u00eb ai q\u00eb kan\u00eb pasqyruar raportet nd\u00ebrkomb\u00ebtare mbi zgjedhjet:<\/p>\n<p>\u201cRealiteti \u00ebsht\u00eb ajo q\u00eb ka th\u00ebn\u00eb ODIHR dhe Parlamenti Europian p\u00ebr zgjedhjet n\u00eb Shqip\u00ebri. U tregua se parat\u00eb e shtetit u p\u00ebrdor\u00ebn p\u00ebr blerjen e votave. Nj\u00eb vend nuk mund t\u00eb jet\u00eb i gatsh\u00ebm t\u00eb hyj\u00eb n\u00eb BE, reforma duket se \u00ebsht\u00eb n\u00eb d\u00ebshtim. Qytetar\u00ebt e Shqip\u00ebris\u00eb e ndjejn\u00eb q\u00eb drejt\u00ebsia nuk jepet n\u00eb gjykata. T\u00eb gjitha k\u00ebto duhen rregulluar\u201d,\u00a0u shpreh Fredi Beleri.<\/p>\n","protected":false},"excerpt":{"rendered":"<p>Eurodeputeti Fredi Beleri, gjat\u00eb fjal\u00ebs s\u00eb tij n\u00eb mbledhjen e Komitetit Parlamentar t\u00eb Stabilizim-Asocimit BE\u2013Shqip\u00ebri, ka ngritur shqet\u00ebsime t\u00eb forta p\u00ebr procesin zgjedhor n\u00eb Shqip\u00ebri, duke akuzuar qeverin\u00eb p\u00ebr p\u00ebrdorim t\u00eb fondeve publike n\u00eb blerjen e votave. Beleri tha se raporti i OSBE\/ODIHR dhe q\u00ebndrimet e Parlamentit Europian kan\u00eb faktuar k\u00ebt\u00eb fenomen n\u00eb, zgjedhjet e &hellip;<\/p>\n","protected":false},"author":4,"featured_media":126807,"comment_status":"closed","ping_status":"closed","sticky":false,"template":"","format":"standard","meta":{"footnotes":""},"categories":[37],"tags":[],"class_list":["post-126806","post","type-post","status-publish","format-standard","has-post-thumbnail","","category-politike"],"_links":{"self":[{"href":"https:\/\/rdnews.al\/index.php\/wp-json\/wp\/v2\/posts\/126806","targetHints":{"allow":["GET"]}}],"collection":[{"href":"https:\/\/rdnews.al\/index.php\/wp-json\/wp\/v2\/posts"}],"about":[{"href":"https:\/\/rdnews.al\/index.php\/wp-json\/wp\/v2\/types\/post"}],"author":[{"embeddable":true,"href":"https:\/\/rdnews.al\/index.php\/wp-json\/wp\/v2\/users\/4"}],"replies":[{"embeddable":true,"href":"https:\/\/rdnews.al\/index.php\/wp-json\/wp\/v2\/comments?post=126806"}],"version-history":[{"count":1,"href":"https:\/\/rdnews.al\/index.php\/wp-json\/wp\/v2\/posts\/126806\/revisions"}],"predecessor-version":[{"id":126808,"href":"https:\/\/rdnews.al\/index.php\/wp-json\/wp\/v2\/posts\/126806\/revisions\/126808"}],"wp:featuredmedia":[{"embeddable":true,"href":"https:\/\/rdnews.al\/index.php\/wp-json\/wp\/v2\/media\/126807"}],"wp:attachment":[{"href":"https:\/\/rdnews.al\/index.php\/wp-json\/wp\/v2\/media?parent=126806"}],"wp:term":[{"taxonomy":"category","embeddable":true,"href":"https:\/\/rdnews.al\/index.php\/wp-json\/wp\/v2\/categories?post=126806"},{"taxonomy":"post_tag","embeddable":true,"href":"https:\/\/rdnews.al\/index.php\/wp-json\/wp\/v2\/tags?post=126806"}],"curies":[{"name":"wp","href":"https:\/\/api.w.org\/{rel}","templated":true}]}}