{"id":126814,"date":"2025-10-28T18:54:45","date_gmt":"2025-10-28T18:54:45","guid":{"rendered":"https:\/\/rdnews.al\/?p=126814"},"modified":"2025-10-28T18:54:45","modified_gmt":"2025-10-28T18:54:45","slug":"e-marte-e-zeze-per-shqiperine-pd-ne-shtetin-e-ramaduros-ka-vetem-terror-frike-dhe-vrasje","status":"publish","type":"post","link":"https:\/\/rdnews.al\/index.php\/2025\/10\/28\/e-marte-e-zeze-per-shqiperine-pd-ne-shtetin-e-ramaduros-ka-vetem-terror-frike-dhe-vrasje\/","title":{"rendered":"E mart\u00eb e zez\u00eb p\u00ebr Shqip\u00ebrin\u00eb\/ PD: N\u00eb shtetin e Ramaduros ka vet\u00ebm terror, frik\u00eb dhe vrasje!"},"content":{"rendered":"<p><strong>Deklarat\u00eb e Partis\u00eb Demokratike t\u00eb Shqip\u00ebr<\/strong>is\u00eb<\/p>\n<p>Dita e sotm\u00eb \u00ebsht\u00eb kthyer n\u00eb nj\u00eb t\u00eb \u2018mart\u00eb t\u00eb zez\u00eb\u2019 p\u00ebr Shqip\u00ebrin\u00eb. Tri vrasje me thik\u00eb, n\u00eb Durr\u00ebs, Tiran\u00eb dhe Berat, dhe nj\u00eb i plagosur me tritol n\u00eb qytetin e Shkodr\u00ebs, flasin p\u00ebr gjendjen e terrorit ku \u00ebsht\u00eb zhytur vendi dhe humbjen e kontrollit nga nj\u00eb qeveri q\u00eb qeveris me Diell\u00ebn dhe \u2018Kryeministrin diell\u2019.<\/p>\n<p>Partia Demokratike duke d\u00ebnuar me forc\u00eb \u00e7do akt dhune ngush\u00ebllon familjet e viktimave dhe b\u00ebn thirrje q\u00eb drejt\u00ebsia t\u00eb veproj\u00eb me baraspesh\u00eb dhe ftoht\u00ebsi p\u00ebr t\u00eb shmangur \u00e7do vet\u00ebgjyq\u00ebsi.<\/p>\n<p>N\u00eb t\u00eb nj\u00ebjt\u00ebn koh\u00eb ne ngrejm\u00eb alarmin p\u00ebr rolin e spektatorit n\u00eb raport me rendin e sigurin\u00eb ku e ka l\u00ebshuar veten Policia e narkoshtetit, duke treguar jo vet\u00ebm paaft\u00ebsi, por edhe pandjeshm\u00ebri ndaj qytetar\u00ebve dhe rendit publik.<\/p>\n<p>Dhuna nuk \u00ebsht\u00eb zgjidhja, dhe aq m\u00eb pak \u00ebsht\u00eb zgjidhja nj\u00eb Polici dhe qeveri q\u00eb nuk ka prioritet jet\u00ebn dhe sigurin\u00eb e shqiptar\u00ebve, por ndarjen e drog\u00ebs, territoreve dhe ndikimit elektoral me bandat.<\/p>\n<p>N\u00eb shtetin e Ramaduros, ka vet\u00ebm terror, frik\u00eb dhe vrasje.<\/p>\n","protected":false},"excerpt":{"rendered":"<p>Deklarat\u00eb e Partis\u00eb Demokratike t\u00eb Shqip\u00ebris\u00eb Dita e sotm\u00eb \u00ebsht\u00eb kthyer n\u00eb nj\u00eb t\u00eb \u2018mart\u00eb t\u00eb zez\u00eb\u2019 p\u00ebr Shqip\u00ebrin\u00eb. Tri vrasje me thik\u00eb, n\u00eb Durr\u00ebs, Tiran\u00eb dhe Berat, dhe nj\u00eb i plagosur me tritol n\u00eb qytetin e Shkodr\u00ebs, flasin p\u00ebr gjendjen e terrorit ku \u00ebsht\u00eb zhytur vendi dhe humbjen e kontrollit nga nj\u00eb qeveri q\u00eb &hellip;<\/p>\n","protected":false},"author":4,"featured_media":89408,"comment_status":"closed","ping_status":"closed","sticky":false,"template":"","format":"standard","meta":{"footnotes":""},"categories":[37],"tags":[],"class_list":["post-126814","post","type-post","status-publish","format-standard","has-post-thumbnail","","category-politike"],"_links":{"self":[{"href":"https:\/\/rdnews.al\/index.php\/wp-json\/wp\/v2\/posts\/126814","targetHints":{"allow":["GET"]}}],"collection":[{"href":"https:\/\/rdnews.al\/index.php\/wp-json\/wp\/v2\/posts"}],"about":[{"href":"https:\/\/rdnews.al\/index.php\/wp-json\/wp\/v2\/types\/post"}],"author":[{"embeddable":true,"href":"https:\/\/rdnews.al\/index.php\/wp-json\/wp\/v2\/users\/4"}],"replies":[{"embeddable":true,"href":"https:\/\/rdnews.al\/index.php\/wp-json\/wp\/v2\/comments?post=126814"}],"version-history":[{"count":1,"href":"https:\/\/rdnews.al\/index.php\/wp-json\/wp\/v2\/posts\/126814\/revisions"}],"predecessor-version":[{"id":126815,"href":"https:\/\/rdnews.al\/index.php\/wp-json\/wp\/v2\/posts\/126814\/revisions\/126815"}],"wp:featuredmedia":[{"embeddable":true,"href":"https:\/\/rdnews.al\/index.php\/wp-json\/wp\/v2\/media\/89408"}],"wp:attachment":[{"href":"https:\/\/rdnews.al\/index.php\/wp-json\/wp\/v2\/media?parent=126814"}],"wp:term":[{"taxonomy":"category","embeddable":true,"href":"https:\/\/rdnews.al\/index.php\/wp-json\/wp\/v2\/categories?post=126814"},{"taxonomy":"post_tag","embeddable":true,"href":"https:\/\/rdnews.al\/index.php\/wp-json\/wp\/v2\/tags?post=126814"}],"curies":[{"name":"wp","href":"https:\/\/api.w.org\/{rel}","templated":true}]}}