{"id":126820,"date":"2025-10-28T20:04:16","date_gmt":"2025-10-28T20:04:16","guid":{"rendered":"https:\/\/rdnews.al\/?p=126820"},"modified":"2025-10-28T20:04:32","modified_gmt":"2025-10-28T20:04:32","slug":"126820","status":"publish","type":"post","link":"https:\/\/rdnews.al\/index.php\/2025\/10\/28\/126820\/","title":{"rendered":"Pes\u00eb vdekje n\u00eb nj\u00eb dit\u00eb\/ Gjekmarkaj: D\u00ebshtim total i qeveris\u00eb p\u00ebr sigurin\u00eb publike!"},"content":{"rendered":"<p>Deputeti i PD, Agron Gjekmarkaj reagoi ndaj ngjarjeve tragjike q\u00eb shokuan vendin sot, duke akuzuar qeverin\u00eb p\u00ebr d\u00ebshtim total n\u00eb mbrojtjen e siguris\u00eb publike.<\/p>\n<p>Gjekmarkaj shkruan se pes\u00eb vdekje n\u00eb Vlor\u00eb, Tiran\u00eb, Durr\u00ebs, Berat e Shkod\u00ebr nuk jan\u00eb rast\u00ebsi, por pasoj\u00eb e munges\u00ebs s\u00eb kontrollit, t\u00eb zbatimit t\u00eb ligjit dhe t\u00eb injorimit t\u00eb jet\u00ebs s\u00eb qytetar\u00ebve nga institucionet shtet\u00ebrore.<\/p>\n<p><strong>Reagimi <\/strong><\/p>\n<p>Ngjarjet e r\u00ebnda q\u00eb kan\u00eb ndodhur gjat\u00eb or\u00ebve t\u00eb fundit tregojn\u00eb m\u00eb qart\u00eb se kurr\u00eb kriz\u00ebn e thell\u00eb t\u00eb siguris\u00eb publike n\u00eb Shqip\u00ebri.<\/p>\n<p>N\u00eb Vlor\u00eb, nj\u00eb kamarier i ri humbi jet\u00ebn pasi u p\u00ebrplas nga nj\u00eb automjet q\u00eb ecte me shpejt\u00ebsi. N\u00eb Tiran\u00eb, nj\u00eb kuzhinier u vra nga picieri. N\u00eb Durr\u00ebs, nj\u00eb baba nga i biri. N\u00eb Berat, nj\u00eb turist i huaj nga qiraxhiu i kuajve. N\u00eb Shkod\u00ebr, nj\u00eb punonj\u00ebs shteti u b\u00eb &#8220;viktim\u00eb&#8221; e tritolit.<\/p>\n<p>Pes\u00eb ngjarje tragjike brenda nj\u00eb dite nuk jan\u00eb rast\u00ebsi, jan\u00eb pasoj\u00eb direkte e munges\u00ebs s\u00eb shtetit, e munges\u00ebs s\u00eb kontrollit, e munges\u00ebs s\u00eb rendit dhe e d\u00ebshtimit t\u00eb institucioneve p\u00ebrgjegj\u00ebse p\u00ebr sigurin\u00eb publike.<\/p>\n<p>N\u00eb vend q\u00eb t\u00eb garantoj\u00eb jet\u00ebn e qytetar\u00ebve, qeveria ka zgjedhur t\u00eb mbyll\u00eb syt\u00eb p\u00ebrball\u00eb shkat\u00ebrrimit t\u00eb rendit, arroganc\u00ebs n\u00eb rrug\u00eb, lirimit t\u00eb element\u00ebve t\u00eb rreziksh\u00ebm dhe munges\u00ebs totale t\u00eb zbatimit t\u00eb ligjit.<\/p>\n<p>Kur drejt\u00ebsia hesht, kur policia shnd\u00ebrrohet n\u00eb aparat propagande, kur jeta e qytetarit humbet \u00e7do vler\u00eb, at\u00ebher\u00eb shteti ka d\u00ebshtuar n\u00eb misionin e tij themelor.<\/p>\n<p>Shqip\u00ebria nuk mund t\u00eb prezantohet si \u201cnj\u00eb nga vendet m\u00eb t\u00eb sigurta n\u00eb Europ\u00eb\u201d nd\u00ebrkoh\u00eb q\u00eb qytetar\u00ebt e saj vriten n\u00eb rrug\u00eb, n\u00eb pun\u00eb e n\u00eb sht\u00ebpi.<\/p>\n<p>Siguria publike nuk \u00ebsht\u00eb luks, \u00ebsht\u00eb detyrim kushtetues i shtetit. \u00cbsht\u00eb koha q\u00eb qeveria t\u00eb ndal\u00eb propagand\u00ebn dhe t\u00eb p\u00ebrballet me realitetin.<\/p>\n","protected":false},"excerpt":{"rendered":"<p>Deputeti i PD, Agron Gjekmarkaj reagoi ndaj ngjarjeve tragjike q\u00eb shokuan vendin sot, duke akuzuar qeverin\u00eb p\u00ebr d\u00ebshtim total n\u00eb mbrojtjen e siguris\u00eb publike. Gjekmarkaj shkruan se pes\u00eb vdekje n\u00eb Vlor\u00eb, Tiran\u00eb, Durr\u00ebs, Berat e Shkod\u00ebr nuk jan\u00eb rast\u00ebsi, por pasoj\u00eb e munges\u00ebs s\u00eb kontrollit, t\u00eb zbatimit t\u00eb ligjit dhe t\u00eb injorimit t\u00eb jet\u00ebs s\u00eb &hellip;<\/p>\n","protected":false},"author":4,"featured_media":82520,"comment_status":"closed","ping_status":"closed","sticky":false,"template":"","format":"standard","meta":{"footnotes":""},"categories":[134,37],"tags":[],"class_list":["post-126820","post","type-post","status-publish","format-standard","has-post-thumbnail","","category-news","category-politike"],"_links":{"self":[{"href":"https:\/\/rdnews.al\/index.php\/wp-json\/wp\/v2\/posts\/126820","targetHints":{"allow":["GET"]}}],"collection":[{"href":"https:\/\/rdnews.al\/index.php\/wp-json\/wp\/v2\/posts"}],"about":[{"href":"https:\/\/rdnews.al\/index.php\/wp-json\/wp\/v2\/types\/post"}],"author":[{"embeddable":true,"href":"https:\/\/rdnews.al\/index.php\/wp-json\/wp\/v2\/users\/4"}],"replies":[{"embeddable":true,"href":"https:\/\/rdnews.al\/index.php\/wp-json\/wp\/v2\/comments?post=126820"}],"version-history":[{"count":2,"href":"https:\/\/rdnews.al\/index.php\/wp-json\/wp\/v2\/posts\/126820\/revisions"}],"predecessor-version":[{"id":126822,"href":"https:\/\/rdnews.al\/index.php\/wp-json\/wp\/v2\/posts\/126820\/revisions\/126822"}],"wp:featuredmedia":[{"embeddable":true,"href":"https:\/\/rdnews.al\/index.php\/wp-json\/wp\/v2\/media\/82520"}],"wp:attachment":[{"href":"https:\/\/rdnews.al\/index.php\/wp-json\/wp\/v2\/media?parent=126820"}],"wp:term":[{"taxonomy":"category","embeddable":true,"href":"https:\/\/rdnews.al\/index.php\/wp-json\/wp\/v2\/categories?post=126820"},{"taxonomy":"post_tag","embeddable":true,"href":"https:\/\/rdnews.al\/index.php\/wp-json\/wp\/v2\/tags?post=126820"}],"curies":[{"name":"wp","href":"https:\/\/api.w.org\/{rel}","templated":true}]}}