{"id":126833,"date":"2025-10-28T20:37:43","date_gmt":"2025-10-28T20:37:43","guid":{"rendered":"https:\/\/rdnews.al\/?p=126833"},"modified":"2025-10-28T20:37:43","modified_gmt":"2025-10-28T20:37:43","slug":"monstra-e-vrau-turistin-42-vjecar-pse-i-beri-foto-vajzes-se-vogel-ne-kalin-e-tij","status":"publish","type":"post","link":"https:\/\/rdnews.al\/index.php\/2025\/10\/28\/monstra-e-vrau-turistin-42-vjecar-pse-i-beri-foto-vajzes-se-vogel-ne-kalin-e-tij\/","title":{"rendered":"Monstra\/ E vrau turistin 42 vje\u00e7ar pse i b\u00ebri foto vajz\u00ebs s\u00eb vog\u00ebl n\u00eb kalin e tij"},"content":{"rendered":"<div class=\"chapo\">Nj\u00eb 42 -vje\u00e7ar u vra sot n\u00eb Kalan\u00eb e Beratit, teksa ndodhej me familjen e tij si vizitor.<\/div>\n<p>Ngjarja ndodhi rreth or\u00ebs 15:10 pas nj\u00eb debati q\u00eb degjeroi n\u00eb dhun\u00eb fizike mes dy personave, Kristo Mema 63 vje\u00e7 nga Berati dhe Keli Hoxha, 42 vje\u00e7, nga Tirana.<\/p>\n<p>Konflikti ka nisur p\u00ebr shkak t\u00eb nj\u00eb kali q\u00eb p\u00ebrdorej p\u00ebr sh\u00ebtitje turistike n\u00eb zon\u00ebn e kalas\u00eb nga 63 -vje\u00e7ari Mema, i cili, gjat\u00eb p\u00ebrleshjes e ka goditur disa her\u00eb me thik\u00eb Keli Hoxh\u00ebn, n\u00eb sy t\u00eb dy f\u00ebmij\u00ebve dhe bashk\u00ebshortes dhe n\u00ebn\u00ebs s\u00eb tij.<\/p>\n<p>Ne sheshin e lagjes Kala Hoxha i kishte b\u00ebr\u00eb nj\u00eb foto vajz\u00ebs s\u00eb vog\u00ebl mbi kalin q\u00eb kishte par\u00eb t\u00eb lidhur. Mema, si pronar i kalit, i kishte k\u00ebrkuar llogari p\u00ebr foton dhe k\u00ebtu nisi edhe sherri, q\u00eb p\u00ebrfundoi n\u00eb vrasje.<\/p>\n<p>Pavar\u00ebsisht p\u00ebrpjekjeve p\u00ebr ta transportuar drejt spitalit, Hoxha ka nd\u00ebrruar jet\u00eb si pasoj\u00eb e plag\u00ebve t\u00eb marra. Pas krimit, autori \u00ebsht\u00eb larguar nga vendngjarja dhe aktualisht \u00ebsht\u00eb shpallur n\u00eb k\u00ebrkim nga policia. 63 -vje\u00e7ari ishte d\u00ebnuar p\u00ebr vrasje n\u00eb Greqi me 25 vjet burg dhe e kishte shlyer d\u00ebnimin. Ai njihej si person problematik.<\/p>\n","protected":false},"excerpt":{"rendered":"<p>Nj\u00eb 42 -vje\u00e7ar u vra sot n\u00eb Kalan\u00eb e Beratit, teksa ndodhej me familjen e tij si vizitor. Ngjarja ndodhi rreth or\u00ebs 15:10 pas nj\u00eb debati q\u00eb degjeroi n\u00eb dhun\u00eb fizike mes dy personave, Kristo Mema 63 vje\u00e7 nga Berati dhe Keli Hoxha, 42 vje\u00e7, nga Tirana. Konflikti ka nisur p\u00ebr shkak t\u00eb nj\u00eb kali &hellip;<\/p>\n","protected":false},"author":3,"featured_media":126834,"comment_status":"closed","ping_status":"closed","sticky":false,"template":"","format":"standard","meta":{"footnotes":""},"categories":[37],"tags":[],"class_list":["post-126833","post","type-post","status-publish","format-standard","has-post-thumbnail","","category-politike"],"_links":{"self":[{"href":"https:\/\/rdnews.al\/index.php\/wp-json\/wp\/v2\/posts\/126833","targetHints":{"allow":["GET"]}}],"collection":[{"href":"https:\/\/rdnews.al\/index.php\/wp-json\/wp\/v2\/posts"}],"about":[{"href":"https:\/\/rdnews.al\/index.php\/wp-json\/wp\/v2\/types\/post"}],"author":[{"embeddable":true,"href":"https:\/\/rdnews.al\/index.php\/wp-json\/wp\/v2\/users\/3"}],"replies":[{"embeddable":true,"href":"https:\/\/rdnews.al\/index.php\/wp-json\/wp\/v2\/comments?post=126833"}],"version-history":[{"count":1,"href":"https:\/\/rdnews.al\/index.php\/wp-json\/wp\/v2\/posts\/126833\/revisions"}],"predecessor-version":[{"id":126835,"href":"https:\/\/rdnews.al\/index.php\/wp-json\/wp\/v2\/posts\/126833\/revisions\/126835"}],"wp:featuredmedia":[{"embeddable":true,"href":"https:\/\/rdnews.al\/index.php\/wp-json\/wp\/v2\/media\/126834"}],"wp:attachment":[{"href":"https:\/\/rdnews.al\/index.php\/wp-json\/wp\/v2\/media?parent=126833"}],"wp:term":[{"taxonomy":"category","embeddable":true,"href":"https:\/\/rdnews.al\/index.php\/wp-json\/wp\/v2\/categories?post=126833"},{"taxonomy":"post_tag","embeddable":true,"href":"https:\/\/rdnews.al\/index.php\/wp-json\/wp\/v2\/tags?post=126833"}],"curies":[{"name":"wp","href":"https:\/\/api.w.org\/{rel}","templated":true}]}}