{"id":126837,"date":"2025-10-28T21:45:18","date_gmt":"2025-10-28T21:45:18","guid":{"rendered":"https:\/\/rdnews.al\/?p=126837"},"modified":"2025-10-28T21:45:18","modified_gmt":"2025-10-28T21:45:18","slug":"deputetet-italiane-ne-kampin-e-gjadrit-vetem-25-emigrante-kushte-cnjerezore-dhe-te-mpire-nga-ilacet","status":"publish","type":"post","link":"https:\/\/rdnews.al\/index.php\/2025\/10\/28\/deputetet-italiane-ne-kampin-e-gjadrit-vetem-25-emigrante-kushte-cnjerezore-dhe-te-mpire-nga-ilacet\/","title":{"rendered":"Deputet\u00ebt italian\u00eb n\u00eb Kampin e Gjadrit: Vet\u00ebm 25 emigrant\u00eb! Kushte \u00e7njer\u00ebzore dhe t\u00eb mpir\u00eb nga ila\u00e7et"},"content":{"rendered":"<p>Deputet\u00eb italian\u00eb kan\u00eb denoncuar situat\u00ebn alarmante n\u00eb kampin e emigrant\u00ebve n\u00eb Gjad\u00ebr, duke e p\u00ebrshkruar at\u00eb si \u201c\u00e7njer\u00ebzore\u201d dhe \u201ct\u00eb papranueshme p\u00ebr nj\u00eb vend q\u00eb pretendon t\u00eb mbroj\u00eb t\u00eb drejtat e njeriut\u201d.<\/p>\n<p>Sipas gazet\u00ebs \u201c<a href=\"https:\/\/www.repubblica.it\/cronaca\/2025\/10\/28\/news\/albania_ispezione_centro_migranti_appello-424943611\/?ref=pay_amp\" target=\"_blank\" rel=\"noopener\"><em>La Repubblica<\/em><\/a>\u201d, inspektimi i papritur n\u00eb qendr\u00ebn e Gjadrit u krye nga deputet\u00ebt italian\u00eb Rachele Scarpa dhe Matteo Orfini t\u00eb Partis\u00eb Demokratike, si edhe Riccardo Magi i +Europa. Ata raportuan se nga 830 vendet e parashikuara, aktualisht ndodhen vet\u00ebm 25 emigrant\u00eb, shumica e t\u00eb cil\u00ebve jan\u00eb \u201ct\u00eb p\u00ebrgjumur dhe t\u00eb mpir\u00eb nga p\u00ebrdorimi i barnave si Rivotril\u201d.<\/p>\n<p>Deputet\u00ebt zbuluan gjithashtu se vet\u00ebm n\u00eb tre muajt e fundit jan\u00eb regjistruar 30 raste vet\u00ebd\u00ebmtimi, nj\u00eb tregues i d\u00ebshp\u00ebrimit t\u00eb thell\u00eb dhe pasiguris\u00eb n\u00eb t\u00eb cil\u00ebn ndodhen emigrant\u00ebt.<\/p>\n<p><strong>Artikulli i\u00a0<a href=\"https:\/\/www.repubblica.it\/cronaca\/2025\/10\/28\/news\/albania_ispezione_centro_migranti_appello-424943611\/?ref=pay_amp\" target=\"_blank\" rel=\"noopener\">La Repubblica:\u00a0<\/a><\/strong><\/p>\n<p>N\u00eb Gjad\u00ebr ndodhen vet\u00ebm 25 emigrant\u00eb nga 830 vende t\u00eb disponueshme, shumica e t\u00eb cil\u00ebve t\u00eb tronditur nga ila\u00e7et.\u00a0N\u00eb vet\u00ebm tre muajt e fundit jan\u00eb regjistruar 30 raste vet\u00ebd\u00ebmtimi, nj\u00eb tregues i d\u00ebshp\u00ebrimit dhe pasiguris\u00eb totale q\u00eb ndjejn\u00eb k\u00ebta njer\u00ebz.<\/p>\n<p>Kjo \u00ebsht\u00eb pamja dramatike q\u00eb doli nga inspektimi i papritur i kryer k\u00ebt\u00eb pasdite n\u00eb\u00a0qendr\u00ebn e emigrant\u00ebve n\u00eb Gjad\u00ebr n\u00eb Shqip\u00ebri\u00a0nga tre parlamentar\u00eb italian\u00eb: Rachele Scarpa dhe Matteo Orfini t\u00eb Partis\u00eb Demokratike dhe Riccardo Magi i +Europa.<\/p>\n<p>Disa mb\u00ebrrit\u00ebn n\u00eb Gjad\u00ebr, duke l\u00ebvizur nga nj\u00eb CPR n\u00eb tjetrin pasi u shp\u00ebtuan n\u00eb det pa prekur kurr\u00eb tok\u00ebn italiane. T\u00eb tjer\u00eb, pasi punuan n\u00eb Itali p\u00ebr dhjet\u00eb vjet, u kap\u00ebn me leje q\u00ebndrimi t\u00eb skaduara dhe u soll\u00ebn k\u00ebtu p\u00ebr riatdhesim. Shum\u00eb pak prej tyre kishin t\u00eb dh\u00ebna penale.<\/p>\n<p>Pika e nxeht\u00eb\u00a0e Sh\u00ebngjinit\u00a0\u00ebsht\u00eb mbyllur\u00a0dhe tashm\u00eb emigrant\u00ebt d\u00ebrgohen vet\u00ebm me avion\u00eb t\u00eb Guardia di Finanza.\u00a0 Nj\u00eb total prej dyqind e nj\u00ebzet emigrant\u00ebsh kan\u00eb kaluar k\u00ebtu gjat\u00eb vitit q\u00eb nga hapja e saj.<\/p>\n<p><em>\u201cShtat\u00ebdhjet\u00eb p\u00ebrqind u kthyen n\u00eb Itali sepse\u00a0ndalimi i tyre nuk u v\u00ebrtetua, rreth tridhjet\u00eb sepse kushtet e tyre u konsideruan t\u00eb papajtueshme me ndalimin, dhe shum\u00eb pak u riatdhesuan. Dhe gjithmon\u00eb n\u00ebp\u00ebrmjet Italis\u00eb, me kostot q\u00eb rezultuan,\u201d<\/em>\u00a0thot\u00eb Rachele Scarpa.<\/p>\n<p><em>\u201cAsgj\u00eb q\u00eb nuk mund t\u00eb b\u00ebhej drejtp\u00ebrdrejt n\u00eb Itali pa shp\u00ebrdoruar k\u00ebt\u00eb sasi t\u00eb madhe parash dhe pa u shkaktuar gjith\u00eb k\u00ebto vuajtje t\u00eb panevojshme k\u00ebtyre njer\u00ebzve. Dhe pastaj le t\u00eb themi gjithashtu se refuzimi i Ministris\u00eb s\u00eb Brendshme p\u00ebr t\u00eb publikuar shifrat dhe ajo q\u00eb po ndodh k\u00ebtu \u00ebsht\u00eb v\u00ebrtet e pakuptueshme,\u201d<\/em>\u00a0shton Orfini.<\/p>\n<p>Emigrant\u00ebt e ndaluar ua kan\u00eb besuar thirrjen e tyre p\u00ebr ndihm\u00eb parlamentar\u00ebve italian\u00eb: \u201c<em>Nuk mund t\u00eb q\u00ebndrojm\u00eb n\u00eb kontakt me familjet tona. \u00cbsht\u00eb si t\u00eb jemi t\u00eb d\u00ebnuar k\u00ebtu. Tregojuni bot\u00ebs s\u00eb jashtme se \u00e7far\u00eb po ndodh k\u00ebtu brenda.\u201d<\/em><\/p>\n<p><em>\u201cAjo q\u00eb po ndodh k\u00ebtu \u00ebsht\u00eb se, p\u00ebr t\u00eb mbajtur k\u00ebto qendra funksionale, p\u00ebr shkak t\u00eb obsesionit t\u00eb Giorgia Melonit, qeveria transferon njer\u00ebz t\u00eb rast\u00ebsish\u00ebm k\u00ebtu. t\u00eb cil\u00ebt jan\u00eb t\u00eb qet\u00ebsuar me Rivotril. Kjo qend\u00ebr \u00ebsht\u00eb thjesht nj\u00eb mjet p\u00ebr propagand\u00eb t\u00eb past\u00ebr\u201d<\/em>,\u00a0thot\u00eb Riccardo Magi<\/p>\n","protected":false},"excerpt":{"rendered":"<p>Deputet\u00eb italian\u00eb kan\u00eb denoncuar situat\u00ebn alarmante n\u00eb kampin e emigrant\u00ebve n\u00eb Gjad\u00ebr, duke e p\u00ebrshkruar at\u00eb si \u201c\u00e7njer\u00ebzore\u201d dhe \u201ct\u00eb papranueshme p\u00ebr nj\u00eb vend q\u00eb pretendon t\u00eb mbroj\u00eb t\u00eb drejtat e njeriut\u201d. Sipas gazet\u00ebs \u201cLa Repubblica\u201d, inspektimi i papritur n\u00eb qendr\u00ebn e Gjadrit u krye nga deputet\u00ebt italian\u00eb Rachele Scarpa dhe Matteo Orfini t\u00eb Partis\u00eb &hellip;<\/p>\n","protected":false},"author":4,"featured_media":126840,"comment_status":"closed","ping_status":"closed","sticky":false,"template":"","format":"standard","meta":{"footnotes":""},"categories":[37],"tags":[],"class_list":["post-126837","post","type-post","status-publish","format-standard","has-post-thumbnail","","category-politike"],"_links":{"self":[{"href":"https:\/\/rdnews.al\/index.php\/wp-json\/wp\/v2\/posts\/126837","targetHints":{"allow":["GET"]}}],"collection":[{"href":"https:\/\/rdnews.al\/index.php\/wp-json\/wp\/v2\/posts"}],"about":[{"href":"https:\/\/rdnews.al\/index.php\/wp-json\/wp\/v2\/types\/post"}],"author":[{"embeddable":true,"href":"https:\/\/rdnews.al\/index.php\/wp-json\/wp\/v2\/users\/4"}],"replies":[{"embeddable":true,"href":"https:\/\/rdnews.al\/index.php\/wp-json\/wp\/v2\/comments?post=126837"}],"version-history":[{"count":1,"href":"https:\/\/rdnews.al\/index.php\/wp-json\/wp\/v2\/posts\/126837\/revisions"}],"predecessor-version":[{"id":126841,"href":"https:\/\/rdnews.al\/index.php\/wp-json\/wp\/v2\/posts\/126837\/revisions\/126841"}],"wp:featuredmedia":[{"embeddable":true,"href":"https:\/\/rdnews.al\/index.php\/wp-json\/wp\/v2\/media\/126840"}],"wp:attachment":[{"href":"https:\/\/rdnews.al\/index.php\/wp-json\/wp\/v2\/media?parent=126837"}],"wp:term":[{"taxonomy":"category","embeddable":true,"href":"https:\/\/rdnews.al\/index.php\/wp-json\/wp\/v2\/categories?post=126837"},{"taxonomy":"post_tag","embeddable":true,"href":"https:\/\/rdnews.al\/index.php\/wp-json\/wp\/v2\/tags?post=126837"}],"curies":[{"name":"wp","href":"https:\/\/api.w.org\/{rel}","templated":true}]}}